{"id":101599,"date":"2020-10-13T13:51:37","date_gmt":"2020-10-13T17:51:37","guid":{"rendered":"https:\/\/linitiative.ca\/International\/poursuite-des-actions-de-sensibilisation-face-aux-dangers-de-la-covid-19\/"},"modified":"2020-10-13T13:51:37","modified_gmt":"2020-10-13T17:51:37","slug":"poursuite-des-actions-de-sensibilisation-face-aux-dangers-de-la-covid-19","status":"publish","type":"post","link":"https:\/\/linitiative.ca\/International\/poursuite-des-actions-de-sensibilisation-face-aux-dangers-de-la-covid-19\/","title":{"rendered":"Poursuite des actions de sensibilisation face aux dangers de la Covid-19"},"content":{"rendered":"<div readability=\"35\">\n<p>Essaouira \u2013 Le Conseil local des oul\u00e9mas d\u2019Essaouira poursuit sa vaste campagne de conscientisation avec pour objectif de sensibiliser la population locale aux dangers du nouveau coronavirus et \u00e0 l\u2019obligation du respect strict des mesures pr\u00e9ventives pour stopper la propagation de la pand\u00e9mie.<\/p>\n<\/div>\n<div readability=\"94\">\n<p>Dans ce cadre, le Conseil vient de mener une nouvelle action au niveau des diff\u00e9rentes mosqu\u00e9es rouvertes dans la province afin de renforcer, \u00e0 travers des discours de sensibilisation, la prise de conscience des fid\u00e8les souiris quant \u00e0 l\u2019imp\u00e9ratif d\u2019observer scrupuleusement, en tant que devoir religieux obligatoire, les consignes et recommandations d\u00e9cr\u00e9t\u00e9es par les autorit\u00e9s sanitaires pour pr\u00e9server la sant\u00e9 et la s\u00e9curit\u00e9 des citoyens face \u00e0 la Covid-19.<\/p>\n<p>Organis\u00e9e en coordination avec la pr\u00e9fecture de la province d\u2019Essaouira et la d\u00e9l\u00e9gation provinciale des affaires islamiques, cette campagne, qui s\u2019est d\u00e9roul\u00e9e dans le strict respect des mesures pr\u00e9ventives en vigueur, refl\u00e8te le r\u00f4le majeur que jouent les oul\u00e9mas au sein de la soci\u00e9t\u00e9 et leurs capacit\u00e9s \u00e0 aiguiser les volont\u00e9s afin de f\u00e9d\u00e9rer les \u00e9nergies pour combattre efficacement cette pand\u00e9mie.<\/p>\n<p>Cette nouvelle initiative, qui s\u2019inscrit dans la continuit\u00e9 des efforts d\u00e9ploy\u00e9s par le Conseil local des oul\u00e9mas pour inciter les habitants de la province \u00e0 prendre, au quotidien, les pr\u00e9cautions n\u00e9cessaires \u00e0 m\u00eame de les prot\u00e9ger de ce virus invisible et mortel, intervient aussi dans le sillage de l\u2019\u00e9lan de mobilisation g\u00e9n\u00e9rale et collective que conna\u00eet le Royaume, sous la conduite \u00e9clair\u00e9e de Sa Majest\u00e9 le Roi Mohammed VI, pour enrayer les r\u00e9percussions engendr\u00e9es par le nouveau coronavirus.<\/p>\n<p>Ainsi, \u00e0 travers de brefs discours devant les fid\u00e8les au sein des mosqu\u00e9es, les imams et pr\u00e9dicateurs veillent \u00e0 rappeler aux citoyens le devoir de faire montre de patriotisme, d\u2019engagement sinc\u00e8re et d\u2019un sens \u00e9lev\u00e9 de civisme, et d\u2019adopter une attitude responsable pour pr\u00e9server l\u2019\u00e2me humaine et surmonter cette dure \u00e9preuve \u00e0 travers le respect des gestes barri\u00e8res, notamment le port correct du masque de protection, la distanciation physique et le lavage r\u00e9gulier des mains.<\/p>\n<p>A noter que des journ\u00e9es de sensibilisation et de conscientisation sur les mesures de pr\u00e9caution et de pr\u00e9vention \u00e0 respecter pour stopper la propagation de la Covid-19 ont \u00e9t\u00e9 organis\u00e9es, r\u00e9cemment, dans les diff\u00e9rents \u00e9tablissements scolaires de la province d\u2019Essaouira, \u00e0 l\u2019initiative du Conseil local des Oul\u00e9mas, en coordination avec la pr\u00e9fecture de la province, la d\u00e9l\u00e9gation provinciale des Affaires islamiques et la direction provinciale de l\u2019Education nationale.<\/p>\n<p>Toutes ces op\u00e9rations et actions du Conseil interviennent conform\u00e9ment \u00e0 la note du Secr\u00e9tariat g\u00e9n\u00e9ral du Conseil Sup\u00e9rieur des Oul\u00e9mas au sujet du renforcement de la vigilance et de la mobilisation pour faire face \u00e0 la Covid-19.<\/p>\n<p>Elles sont \u00e9galement organis\u00e9es en application des Hautes Directives de SM le Roi Mohammed VI, Amir Al-Mouminine, qui a appel\u00e9 dans Son Discours \u00e0 l\u2019occasion du 67\u00e8 anniversaire de la R\u00e9volution du Roi et du Peuple, toutes les forces vives de la Nation \u00e0 adh\u00e9rer unanimement aux efforts d\u00e9ploy\u00e9s \u00e0 l\u2019\u00e9chelle nationale, afin de sensibiliser la soci\u00e9t\u00e9, d\u2019\u00e9veiller sa conscience et de l\u2019encadrer pour relever le d\u00e9fi de la lutte contre la pand\u00e9mie.<\/p>\n<\/div>\n<p>Auteur: Meriem IGASS<br \/>\n<a href=\"http:\/\/www.mapmarrakech.ma\/fr\/covid-19-le-conseil-local-des-oulemas-poursuit-ses-actions-de-sensibilisation\/\">Cliquez ici pour lire l&rsquo;article depuis sa source.<\/a><\/p>\n","protected":false},"excerpt":{"rendered":"<p>Essaouira \u2013 Le Conseil local des oul\u00e9mas d\u2019Essaouira poursuit sa vaste campagne de conscientisation avec pour objectif de sensibiliser la population locale aux dangers du nouveau coronavirus et \u00e0 l\u2019obligation du respect strict des mesures pr\u00e9ventives pour stopper la propagation de la pand\u00e9mie. Dans ce cadre, le Conseil vient de mener une nouvelle action au [&hellip;]<\/p>\n","protected":false},"author":1788,"featured_media":0,"comment_status":"closed","ping_status":"closed","sticky":false,"template":"","format":"standard","meta":{"fifu_image_url":"","fifu_image_alt":"","footnotes":""},"categories":[54,76],"tags":[],"class_list":["post-101599","post","type-post","status-publish","format-standard","hentry","category-maroc","category-regions"],"_links":{"self":[{"href":"https:\/\/linitiative.ca\/International\/wp-json\/wp\/v2\/posts\/101599","targetHints":{"allow":["GET"]}}],"collection":[{"href":"https:\/\/linitiative.ca\/International\/wp-json\/wp\/v2\/posts"}],"about":[{"href":"https:\/\/linitiative.ca\/International\/wp-json\/wp\/v2\/types\/post"}],"author":[{"embeddable":true,"href":"https:\/\/linitiative.ca\/International\/wp-json\/wp\/v2\/users\/1788"}],"replies":[{"embeddable":true,"href":"https:\/\/linitiative.ca\/International\/wp-json\/wp\/v2\/comments?post=101599"}],"version-history":[{"count":0,"href":"https:\/\/linitiative.ca\/International\/wp-json\/wp\/v2\/posts\/101599\/revisions"}],"wp:attachment":[{"href":"https:\/\/linitiative.ca\/International\/wp-json\/wp\/v2\/media?parent=101599"}],"wp:term":[{"taxonomy":"category","embeddable":true,"href":"https:\/\/linitiative.ca\/International\/wp-json\/wp\/v2\/categories?post=101599"},{"taxonomy":"post_tag","embeddable":true,"href":"https:\/\/linitiative.ca\/International\/wp-json\/wp\/v2\/tags?post=101599"}],"curies":[{"name":"wp","href":"https:\/\/api.w.org\/{rel}","templated":true}]}}