{"id":101602,"date":"2020-10-13T09:52:31","date_gmt":"2020-10-13T13:52:31","guid":{"rendered":"https:\/\/linitiative.ca\/International\/maroc-france-la-cgem-defend-le-made-with-morocco\/"},"modified":"2020-10-13T09:52:31","modified_gmt":"2020-10-13T13:52:31","slug":"maroc-france-la-cgem-defend-le-made-with-morocco","status":"publish","type":"post","link":"https:\/\/linitiative.ca\/International\/maroc-france-la-cgem-defend-le-made-with-morocco\/","title":{"rendered":"Maroc-France: La CGEM d\u00e9fend \u00able Made with Morocco\u00bb"},"content":{"rendered":"<div class=\"author\" readability=\"5.7931034482759\"> Par <a href=\"\/content\/amin-rboub\">Amin RBOUB<\/a> <a href=\"\/node\/\"> <\/a> | Edition N\u00b0:5863 Le 13\/10\/2020 | Partager <\/div>\n<div class=\"body\">\n<div class=\"field field-name-body field-type-text-with-summary field-label-hidden\">\n<div class=\"field-items\" readability=\"12\">\n<div class=\"field-item even\" property=\"content:encoded\" readability=\"19\">\n<p class=\"rtejustify\">En marge de la visite de Franck Riester, ministre fran\u00e7ais d\u00e9l\u00e9gu\u00e9 en charge du Commerce ext\u00e9rieur et de l\u2019Attractivit\u00e9, le pr\u00e9sident de la CGEM, Chakib Alj, a insist\u00e9 sur les nouveaux enjeux qui se profilent en termes de nouvelles cha\u00eenes de valeurs mondiales. Nous sommes convaincus avec nos partenaires qu\u2019au-del\u00e0 du \u00abMade in Morocco\u00bb, nous pouvons d\u00e9velopper ensemble le \u00abMade with Morocco\u00bb. Selon le patron des patrons, \u00abnous aurons besoin de nos partenaires \u00e9conomiques, notamment fran\u00e7ais, pour cr\u00e9er de nouveaux march\u00e9s, co-investir et cr\u00e9er de la valeur ajout\u00e9e locale et des emplois en axant notre partenariat sur nos compl\u00e9mentarit\u00e9s\u00bb. Le pr\u00e9sident de la CGEM invite les partenaires fran\u00e7ais \u00e0 tracer ensemble \u00abune feuille de route post-Covid\u00bb qui int\u00e8gre les nouvelles priorit\u00e9s des deux pays.<br \/><em>A.R.<\/em><\/p>\n<\/div>\n<\/div>\n<\/div>\n<\/div>\n<div class=\"eco-conseil\">\n<div class=\"view view-eco-conseil-16 view-id-eco_conseil_16 view-display-id-cookies view-dom-id-7beb26ab5c91d40aa6629315b6f8d4a1\">\n<div class=\"view-content\">\n<div id=\"views-bootstrap-grid-1\" class=\"views-bootstrap-grid-plugin-style\">\n<div class=\"row\">\n<div class=\" col-xs-12 col-lg-4\">\n<div class=\"row\">\n<div class=\"col col-xs-12 col-lg-12\">\n<div class=\"field-content\"><a href=\"\/article\/1068388-hommage-au-journalisme\"><img loading=\"lazy\" decoding=\"async\" class=\"img-responsive\" typeof=\"foaf:Image\" src=\"https:\/\/www.leconomiste.com\/sites\/default\/files\/eco7\/public\/styles\/800x400\/public\/default_images\/default_une.jpg?itok=4jZlgnIZ\" width=\"660\" height=\"330\" alt=\"\"\/><\/a><\/div>\n<\/div>\n<div class=\" title_suite_2 col col-xs-12 col-lg-12\"> <a href=\"\/article\/1068388-hommage-au-journalisme\"\/><span class=\"field-content\">Article 1068388<\/span><\/div>\n<\/div>\n<\/div>\n<div class=\" col-xs-12 col-lg-4\">\n<div class=\"row\">\n<div class=\"col col-xs-12 col-lg-12\">\n<div class=\"field-content\"><a href=\"\/article\/1068387-les-proces-de-concurrence-deloyale-se-popularisent\"><img loading=\"lazy\" decoding=\"async\" class=\"img-responsive\" typeof=\"foaf:Image\" src=\"https:\/\/www.leconomiste.com\/sites\/default\/files\/eco7\/public\/styles\/800x400\/public\/default_images\/default_une.jpg?itok=4jZlgnIZ\" width=\"660\" height=\"330\" alt=\"\"\/><\/a><\/div>\n<\/div>\n<div class=\" title_suite_2 col col-xs-12 col-lg-12\"> <a href=\"\/article\/1068387-les-proces-de-concurrence-deloyale-se-popularisent\"\/><span class=\"field-content\">Les proc\u00e8s de concurrence d\u00e9loyale se popularisent<\/span><\/div>\n<\/div>\n<\/div>\n<div class=\" col-xs-12 col-lg-4\">\n<div class=\"row\">\n<div class=\"col col-xs-12 col-lg-12\">\n<div class=\"field-content\"><a href=\"\/article\/1068386-echanges-de-donnees-entre-les-adouls-et-la-tgr\"><img loading=\"lazy\" decoding=\"async\" class=\"img-responsive\" typeof=\"foaf:Image\" src=\"https:\/\/www.leconomiste.com\/sites\/default\/files\/eco7\/public\/styles\/800x400\/public\/default_images\/default_une.jpg?itok=4jZlgnIZ\" width=\"660\" height=\"330\" alt=\"\"\/><\/a><\/div>\n<\/div>\n<div class=\" title_suite_2 col col-xs-12 col-lg-12\"> <a href=\"\/article\/1068386-echanges-de-donnees-entre-les-adouls-et-la-tgr\"\/><span class=\"field-content\">Echanges de donn\u00e9es entre les adouls et la TGR<\/span><\/div>\n<\/div>\n<\/div>\n<\/div>\n<\/div>\n<\/div>\n<\/div>\n<\/div>\n<p>Auteur: hlafriqi<br \/>\n<a href=\"https:\/\/www.leconomiste.com\/article\/1068384-maroc-france-la-cgem-defend-le-made-morocco\">Cliquez ici pour lire l&rsquo;article depuis sa source.<\/a><\/p>\n","protected":false},"excerpt":{"rendered":"<p>Par Amin RBOUB | Edition N\u00b0:5863 Le 13\/10\/2020 | Partager En marge de la visite de Franck Riester, ministre fran\u00e7ais d\u00e9l\u00e9gu\u00e9 en charge du Commerce ext\u00e9rieur et de l\u2019Attractivit\u00e9, le pr\u00e9sident de la CGEM, Chakib Alj, a insist\u00e9 sur les nouveaux enjeux qui se profilent en termes de nouvelles cha\u00eenes de valeurs mondiales. Nous sommes [&hellip;]<\/p>\n","protected":false},"author":1763,"featured_media":0,"comment_status":"closed","ping_status":"closed","sticky":false,"template":"","format":"standard","meta":{"fifu_image_url":"","fifu_image_alt":"","footnotes":""},"categories":[78,54],"tags":[],"class_list":["post-101602","post","type-post","status-publish","format-standard","hentry","category-economie","category-maroc"],"_links":{"self":[{"href":"https:\/\/linitiative.ca\/International\/wp-json\/wp\/v2\/posts\/101602","targetHints":{"allow":["GET"]}}],"collection":[{"href":"https:\/\/linitiative.ca\/International\/wp-json\/wp\/v2\/posts"}],"about":[{"href":"https:\/\/linitiative.ca\/International\/wp-json\/wp\/v2\/types\/post"}],"author":[{"embeddable":true,"href":"https:\/\/linitiative.ca\/International\/wp-json\/wp\/v2\/users\/1763"}],"replies":[{"embeddable":true,"href":"https:\/\/linitiative.ca\/International\/wp-json\/wp\/v2\/comments?post=101602"}],"version-history":[{"count":0,"href":"https:\/\/linitiative.ca\/International\/wp-json\/wp\/v2\/posts\/101602\/revisions"}],"wp:attachment":[{"href":"https:\/\/linitiative.ca\/International\/wp-json\/wp\/v2\/media?parent=101602"}],"wp:term":[{"taxonomy":"category","embeddable":true,"href":"https:\/\/linitiative.ca\/International\/wp-json\/wp\/v2\/categories?post=101602"},{"taxonomy":"post_tag","embeddable":true,"href":"https:\/\/linitiative.ca\/International\/wp-json\/wp\/v2\/tags?post=101602"}],"curies":[{"name":"wp","href":"https:\/\/api.w.org\/{rel}","templated":true}]}}