{"id":101603,"date":"2020-10-13T09:53:45","date_gmt":"2020-10-13T13:53:45","guid":{"rendered":"https:\/\/linitiative.ca\/International\/aba-capital-finalise-lacquisition-de-50-dintelifex\/"},"modified":"2020-10-13T09:53:45","modified_gmt":"2020-10-13T13:53:45","slug":"aba-capital-finalise-lacquisition-de-50-dintelifex","status":"publish","type":"post","link":"https:\/\/linitiative.ca\/International\/aba-capital-finalise-lacquisition-de-50-dintelifex\/","title":{"rendered":"ABA Capital finalise l\u2019acquisition de 50% d\u2019Intelifex"},"content":{"rendered":"<div class=\"author\" readability=\"5.7931034482759\"> Par <a href=\"\/content\/amin-rboub\">Amin RBOUB<\/a> <a href=\"\/node\/\"> <\/a> | Edition N\u00b0:5863 Le 13\/10\/2020 | Partager <\/div>\n<div class=\"body\">\n<div class=\"field field-name-body field-type-text-with-summary field-label-hidden\">\n<div class=\"field-items\" readability=\"12\">\n<div class=\"field-item even\" property=\"content:encoded\" readability=\"19\">\n<p class=\"rtejustify\">Le Fonds d\u2019investissement ABA Capital renforce son p\u00f4le technologique avec la rentr\u00e9e dans le capital de Intelifex Systems, un int\u00e9grateur de solutions intelligentes. Selon Mohamed Benouda, cofondateur de ABA Capital, le fonds d\u2019investissement a finalis\u00e9 l\u2019acquisition de 50% du capital de Intelifex. Une entreprise sp\u00e9cialis\u00e9e dans trois activit\u00e9s: l\u2019int\u00e9gration de cam\u00e9ras de surveillance et s\u00e9curit\u00e9, l\u2019infog\u00e9rance et la maintenance ou encore le d\u00e9veloppement de l\u2019Internet des objets (IOT). Intelifex compte deux structures bas\u00e9es \u00e0 la fois\u00a0 \u00e0 Barcelone et au Maroc. Parmi ses clients au Maroc, figurent l\u2019Administration des Douanes, les a\u00e9roports, le groupe Orange (t\u00e9l\u00e9coms)&#8230; A l\u2019avenir, l\u2019entreprise compte renforcer davantage l\u2019activit\u00e9 de surveillance et de s\u00e9curit\u00e9 ou encore \u00e9largir le champ d\u2019action en Afrique et en Europe, tout en d\u00e9veloppant les activit\u00e9s IOT.<br \/><em>A.R.<\/em><\/p>\n<\/div>\n<\/div>\n<\/div>\n<\/div>\n<div class=\"eco-conseil\">\n<div class=\"view view-eco-conseil-16 view-id-eco_conseil_16 view-display-id-cookies view-dom-id-bb9707c80664bbec51c75aa382ab2ee1\">\n<div class=\"view-content\">\n<div id=\"views-bootstrap-grid-1\" class=\"views-bootstrap-grid-plugin-style\">\n<div class=\"row\">\n<div class=\" col-xs-12 col-lg-4\">\n<div class=\"row\">\n<div class=\"col col-xs-12 col-lg-12\">\n<div class=\"field-content\"><a href=\"\/article\/1068388-hommage-au-journalisme\"><img loading=\"lazy\" decoding=\"async\" class=\"img-responsive\" typeof=\"foaf:Image\" src=\"https:\/\/www.leconomiste.com\/sites\/default\/files\/eco7\/public\/styles\/800x400\/public\/default_images\/default_une.jpg?itok=4jZlgnIZ\" width=\"660\" height=\"330\" alt=\"\"\/><\/a><\/div>\n<\/div>\n<div class=\" title_suite_2 col col-xs-12 col-lg-12\"> <a href=\"\/article\/1068388-hommage-au-journalisme\"\/><span class=\"field-content\">Article 1068388<\/span><\/div>\n<\/div>\n<\/div>\n<div class=\" col-xs-12 col-lg-4\">\n<div class=\"row\">\n<div class=\"col col-xs-12 col-lg-12\">\n<div class=\"field-content\"><a href=\"\/article\/1068387-les-proces-de-concurrence-deloyale-se-popularisent\"><img loading=\"lazy\" decoding=\"async\" class=\"img-responsive\" typeof=\"foaf:Image\" src=\"https:\/\/www.leconomiste.com\/sites\/default\/files\/eco7\/public\/styles\/800x400\/public\/default_images\/default_une.jpg?itok=4jZlgnIZ\" width=\"660\" height=\"330\" alt=\"\"\/><\/a><\/div>\n<\/div>\n<div class=\" title_suite_2 col col-xs-12 col-lg-12\"> <a href=\"\/article\/1068387-les-proces-de-concurrence-deloyale-se-popularisent\"\/><span class=\"field-content\">Les proc\u00e8s de concurrence d\u00e9loyale se popularisent<\/span><\/div>\n<\/div>\n<\/div>\n<div class=\" col-xs-12 col-lg-4\">\n<div class=\"row\">\n<div class=\"col col-xs-12 col-lg-12\">\n<div class=\"field-content\"><a href=\"\/article\/1068386-echanges-de-donnees-entre-les-adouls-et-la-tgr\"><img loading=\"lazy\" decoding=\"async\" class=\"img-responsive\" typeof=\"foaf:Image\" src=\"https:\/\/www.leconomiste.com\/sites\/default\/files\/eco7\/public\/styles\/800x400\/public\/default_images\/default_une.jpg?itok=4jZlgnIZ\" width=\"660\" height=\"330\" alt=\"\"\/><\/a><\/div>\n<\/div>\n<div class=\" title_suite_2 col col-xs-12 col-lg-12\"> <a href=\"\/article\/1068386-echanges-de-donnees-entre-les-adouls-et-la-tgr\"\/><span class=\"field-content\">Echanges de donn\u00e9es entre les adouls et la TGR<\/span><\/div>\n<\/div>\n<\/div>\n<\/div>\n<\/div>\n<\/div>\n<\/div>\n<\/div>\n<p>Auteur: hlafriqi<br \/>\n<a href=\"https:\/\/www.leconomiste.com\/article\/1068385-aba-capital-finalise-l-acquisition-de-50-d-intelifex\">Cliquez ici pour lire l&rsquo;article depuis sa source.<\/a><\/p>\n","protected":false},"excerpt":{"rendered":"<p>Par Amin RBOUB | Edition N\u00b0:5863 Le 13\/10\/2020 | Partager Le Fonds d\u2019investissement ABA Capital renforce son p\u00f4le technologique avec la rentr\u00e9e dans le capital de Intelifex Systems, un int\u00e9grateur de solutions intelligentes. Selon Mohamed Benouda, cofondateur de ABA Capital, le fonds d\u2019investissement a finalis\u00e9 l\u2019acquisition de 50% du capital de Intelifex. Une entreprise sp\u00e9cialis\u00e9e [&hellip;]<\/p>\n","protected":false},"author":1763,"featured_media":0,"comment_status":"closed","ping_status":"closed","sticky":false,"template":"","format":"standard","meta":{"fifu_image_url":"","fifu_image_alt":"","footnotes":""},"categories":[78,54],"tags":[],"class_list":["post-101603","post","type-post","status-publish","format-standard","hentry","category-economie","category-maroc"],"_links":{"self":[{"href":"https:\/\/linitiative.ca\/International\/wp-json\/wp\/v2\/posts\/101603","targetHints":{"allow":["GET"]}}],"collection":[{"href":"https:\/\/linitiative.ca\/International\/wp-json\/wp\/v2\/posts"}],"about":[{"href":"https:\/\/linitiative.ca\/International\/wp-json\/wp\/v2\/types\/post"}],"author":[{"embeddable":true,"href":"https:\/\/linitiative.ca\/International\/wp-json\/wp\/v2\/users\/1763"}],"replies":[{"embeddable":true,"href":"https:\/\/linitiative.ca\/International\/wp-json\/wp\/v2\/comments?post=101603"}],"version-history":[{"count":0,"href":"https:\/\/linitiative.ca\/International\/wp-json\/wp\/v2\/posts\/101603\/revisions"}],"wp:attachment":[{"href":"https:\/\/linitiative.ca\/International\/wp-json\/wp\/v2\/media?parent=101603"}],"wp:term":[{"taxonomy":"category","embeddable":true,"href":"https:\/\/linitiative.ca\/International\/wp-json\/wp\/v2\/categories?post=101603"},{"taxonomy":"post_tag","embeddable":true,"href":"https:\/\/linitiative.ca\/International\/wp-json\/wp\/v2\/tags?post=101603"}],"curies":[{"name":"wp","href":"https:\/\/api.w.org\/{rel}","templated":true}]}}