{"id":101604,"date":"2020-10-13T09:55:00","date_gmt":"2020-10-13T13:55:00","guid":{"rendered":"https:\/\/linitiative.ca\/International\/echanges-de-donnees-entre-les-adouls-et-la-tgr\/"},"modified":"2020-10-13T09:55:00","modified_gmt":"2020-10-13T13:55:00","slug":"echanges-de-donnees-entre-les-adouls-et-la-tgr","status":"publish","type":"post","link":"https:\/\/linitiative.ca\/International\/echanges-de-donnees-entre-les-adouls-et-la-tgr\/","title":{"rendered":"Echanges de donn\u00e9es entre les adouls et la TGR"},"content":{"rendered":"<div class=\"body\">\n<div class=\"field field-name-body field-type-text-with-summary field-label-hidden\">\n<div class=\"field-items\" readability=\"7.5\">\n<div class=\"field-item even\" property=\"content:encoded\" readability=\"10\">\n<p class=\"rtejustify\">La convention conclue entre la Tr\u00e9sorerie g\u00e9n\u00e9rale du Royaume et les Adouls sur la d\u00e9mat\u00e9rialisation des \u00e9changes entre en vigueur jeudi 15 octobre. Elle porte sur le d\u00e9p\u00f4t et la d\u00e9livrance de l\u2019attestation justifiant le paiement des imp\u00f4ts et taxes grevant l\u2019immeuble objet de cession.<br \/><em>K.M.<\/em><\/p>\n<\/div>\n<\/div>\n<\/div>\n<\/div>\n<div class=\"eco-conseil\">\n<div class=\"view view-eco-conseil-16 view-id-eco_conseil_16 view-display-id-cookies view-dom-id-a66c27938caa084c4c23bf69413f7db2\">\n<div class=\"view-content\">\n<div id=\"views-bootstrap-grid-1\" class=\"views-bootstrap-grid-plugin-style\">\n<div class=\"row\">\n<div class=\" col-xs-12 col-lg-4\">\n<div class=\"row\">\n<div class=\"col col-xs-12 col-lg-12\">\n<div class=\"field-content\"><a href=\"\/article\/1068388-hommage-au-journalisme\"><img loading=\"lazy\" decoding=\"async\" class=\"img-responsive\" typeof=\"foaf:Image\" src=\"https:\/\/www.leconomiste.com\/sites\/default\/files\/eco7\/public\/styles\/800x400\/public\/default_images\/default_une.jpg?itok=4jZlgnIZ\" width=\"660\" height=\"330\" alt=\"\"\/><\/a><\/div>\n<\/div>\n<div class=\" title_suite_2 col col-xs-12 col-lg-12\"> <a href=\"\/article\/1068388-hommage-au-journalisme\"\/><span class=\"field-content\">Article 1068388<\/span><\/div>\n<\/div>\n<\/div>\n<div class=\" col-xs-12 col-lg-4\">\n<div class=\"row\">\n<div class=\"col col-xs-12 col-lg-12\">\n<div class=\"field-content\"><a href=\"\/article\/1068387-les-proces-de-concurrence-deloyale-se-popularisent\"><img loading=\"lazy\" decoding=\"async\" class=\"img-responsive\" typeof=\"foaf:Image\" src=\"https:\/\/www.leconomiste.com\/sites\/default\/files\/eco7\/public\/styles\/800x400\/public\/default_images\/default_une.jpg?itok=4jZlgnIZ\" width=\"660\" height=\"330\" alt=\"\"\/><\/a><\/div>\n<\/div>\n<div class=\" title_suite_2 col col-xs-12 col-lg-12\"> <a href=\"\/article\/1068387-les-proces-de-concurrence-deloyale-se-popularisent\"\/><span class=\"field-content\">Les proc\u00e8s de concurrence d\u00e9loyale se popularisent<\/span><\/div>\n<\/div>\n<\/div>\n<div class=\" col-xs-12 col-lg-4\">\n<div class=\"row\">\n<div class=\"col col-xs-12 col-lg-12\">\n<div class=\"field-content\"><a href=\"\/article\/1068385-aba-capital-finalise-l-acquisition-de-50-d-intelifex\"><img loading=\"lazy\" decoding=\"async\" class=\"img-responsive\" typeof=\"foaf:Image\" src=\"https:\/\/www.leconomiste.com\/sites\/default\/files\/eco7\/public\/styles\/800x400\/public\/default_images\/default_une.jpg?itok=4jZlgnIZ\" width=\"660\" height=\"330\" alt=\"\"\/><\/a><\/div>\n<\/div>\n<div class=\" title_suite_2 col col-xs-12 col-lg-12\"> <a href=\"\/article\/1068385-aba-capital-finalise-l-acquisition-de-50-d-intelifex\"\/><span class=\"field-content\">ABA Capital finalise l\u2019acquisition de 50% d\u2019Intelifex<\/span><\/div>\n<\/div>\n<\/div>\n<\/div>\n<\/div>\n<\/div>\n<\/div>\n<\/div>\n<p>Auteur: hlafriqi<br \/>\n<a href=\"https:\/\/www.leconomiste.com\/article\/1068386-echanges-de-donnees-entre-les-adouls-et-la-tgr\">Cliquez ici pour lire l&rsquo;article depuis sa source.<\/a><\/p>\n","protected":false},"excerpt":{"rendered":"<p>La convention conclue entre la Tr\u00e9sorerie g\u00e9n\u00e9rale du Royaume et les Adouls sur la d\u00e9mat\u00e9rialisation des \u00e9changes entre en vigueur jeudi 15 octobre. Elle porte sur le d\u00e9p\u00f4t et la d\u00e9livrance de l\u2019attestation justifiant le paiement des imp\u00f4ts et taxes grevant l\u2019immeuble objet de cession.K.M. Article 1068388 Les proc\u00e8s de concurrence d\u00e9loyale se popularisent ABA [&hellip;]<\/p>\n","protected":false},"author":1763,"featured_media":0,"comment_status":"closed","ping_status":"closed","sticky":false,"template":"","format":"standard","meta":{"fifu_image_url":"","fifu_image_alt":"","footnotes":""},"categories":[78,54],"tags":[],"class_list":["post-101604","post","type-post","status-publish","format-standard","hentry","category-economie","category-maroc"],"_links":{"self":[{"href":"https:\/\/linitiative.ca\/International\/wp-json\/wp\/v2\/posts\/101604","targetHints":{"allow":["GET"]}}],"collection":[{"href":"https:\/\/linitiative.ca\/International\/wp-json\/wp\/v2\/posts"}],"about":[{"href":"https:\/\/linitiative.ca\/International\/wp-json\/wp\/v2\/types\/post"}],"author":[{"embeddable":true,"href":"https:\/\/linitiative.ca\/International\/wp-json\/wp\/v2\/users\/1763"}],"replies":[{"embeddable":true,"href":"https:\/\/linitiative.ca\/International\/wp-json\/wp\/v2\/comments?post=101604"}],"version-history":[{"count":0,"href":"https:\/\/linitiative.ca\/International\/wp-json\/wp\/v2\/posts\/101604\/revisions"}],"wp:attachment":[{"href":"https:\/\/linitiative.ca\/International\/wp-json\/wp\/v2\/media?parent=101604"}],"wp:term":[{"taxonomy":"category","embeddable":true,"href":"https:\/\/linitiative.ca\/International\/wp-json\/wp\/v2\/categories?post=101604"},{"taxonomy":"post_tag","embeddable":true,"href":"https:\/\/linitiative.ca\/International\/wp-json\/wp\/v2\/tags?post=101604"}],"curies":[{"name":"wp","href":"https:\/\/api.w.org\/{rel}","templated":true}]}}