{"id":101606,"date":"2020-10-13T09:59:06","date_gmt":"2020-10-13T13:59:06","guid":{"rendered":"https:\/\/linitiative.ca\/International\/article-1068388\/"},"modified":"2020-10-13T09:59:06","modified_gmt":"2020-10-13T13:59:06","slug":"article-1068388","status":"publish","type":"post","link":"https:\/\/linitiative.ca\/International\/article-1068388\/","title":{"rendered":"Article 1068388"},"content":{"rendered":"<div class=\"author\" readability=\"5.7931034482759\"> Par <a href=\"\/content\/jihad-rizk\">Jihad RIZK <\/a> <a href=\"\/node\/\"> <\/a> | Edition N\u00b0:5863 Le 13\/10\/2020 | Partager <\/div>\n<div class=\"body\">\n<div class=\"field field-name-body field-type-text-with-summary field-label-hidden\">\n<div class=\"field-items\" readability=\"10.5\">\n<div class=\"field-item even\" property=\"content:encoded\" readability=\"16\">\n<p class=\"rtejustify\">Dans un long reportage publi\u00e9 le 12 octobre, la MAP a rendu hommage aux journalistes-photographes (et \u00e0 travers eux\u00a0 \u00e0 l\u2019ensemble des journalistes). Une reconnaissance loin d\u2019\u00eatre usurp\u00e9e eu \u00e9gard l\u2019engagement des m\u00e9dias professionnels pendant toute la pand\u00e9mie. Engagement non moins strat\u00e9gique que celui des autres corps professionnels: sant\u00e9, forces de l\u2019ordre&#8230; D\u00e8s les premiers jours de la crise, les repr\u00e9sentants du 4e pouvoir se sont en effet mobilis\u00e9s pour continuer d\u2019informer la population dans des conditions de raret\u00e9 des \u00e9quipements de protection. Pourtant, il y a eu des erreurs d\u2019appr\u00e9ciation au d\u00e9but du confinement. Contrairement \u00e0 de nombreux pays dans le monde, au Maroc l\u2019information n\u2019a pas \u00e9t\u00e9 jug\u00e9e essentielle au m\u00eame titre que les commerces et certaines activit\u00e9s. Ce qui s\u2019est traduit par une d\u00e9cision incompr\u00e9hensible d\u2019interdiction de journaux papiers. Du coup c\u2019est tout un \u00e9cosyst\u00e8me qui a subi les contrecoups, tant au niveau de la production que de la distribution de journaux.<br \/><em>J.R.<\/em><\/p>\n<\/div>\n<\/div>\n<\/div>\n<\/div>\n<div class=\"eco-conseil\">\n<div class=\"view view-eco-conseil-16 view-id-eco_conseil_16 view-display-id-cookies view-dom-id-13ab0dbf391a190c7a99e160fc93d429\">\n<div class=\"view-content\">\n<div id=\"views-bootstrap-grid-1\" class=\"views-bootstrap-grid-plugin-style\">\n<div class=\"row\">\n<div class=\" col-xs-12 col-lg-4\">\n<div class=\"row\">\n<div class=\"col col-xs-12 col-lg-12\">\n<div class=\"field-content\"><a href=\"\/article\/1068387-les-proces-de-concurrence-deloyale-se-popularisent\"><img loading=\"lazy\" decoding=\"async\" class=\"img-responsive\" typeof=\"foaf:Image\" src=\"https:\/\/www.leconomiste.com\/sites\/default\/files\/eco7\/public\/styles\/800x400\/public\/default_images\/default_une.jpg?itok=4jZlgnIZ\" width=\"660\" height=\"330\" alt=\"\"\/><\/a><\/div>\n<\/div>\n<div class=\" title_suite_2 col col-xs-12 col-lg-12\"> <a href=\"\/article\/1068387-les-proces-de-concurrence-deloyale-se-popularisent\"\/><span class=\"field-content\">Les proc\u00e8s de concurrence d\u00e9loyale se popularisent<\/span><\/div>\n<\/div>\n<\/div>\n<div class=\" col-xs-12 col-lg-4\">\n<div class=\"row\">\n<div class=\"col col-xs-12 col-lg-12\">\n<div class=\"field-content\"><a href=\"\/article\/1068386-echanges-de-donnees-entre-les-adouls-et-la-tgr\"><img loading=\"lazy\" decoding=\"async\" class=\"img-responsive\" typeof=\"foaf:Image\" src=\"https:\/\/www.leconomiste.com\/sites\/default\/files\/eco7\/public\/styles\/800x400\/public\/default_images\/default_une.jpg?itok=4jZlgnIZ\" width=\"660\" height=\"330\" alt=\"\"\/><\/a><\/div>\n<\/div>\n<div class=\" title_suite_2 col col-xs-12 col-lg-12\"> <a href=\"\/article\/1068386-echanges-de-donnees-entre-les-adouls-et-la-tgr\"\/><span class=\"field-content\">Echanges de donn\u00e9es entre les adouls et la TGR<\/span><\/div>\n<\/div>\n<\/div>\n<div class=\" col-xs-12 col-lg-4\">\n<div class=\"row\">\n<div class=\"col col-xs-12 col-lg-12\">\n<div class=\"field-content\"><a href=\"\/article\/1068385-aba-capital-finalise-l-acquisition-de-50-d-intelifex\"><img loading=\"lazy\" decoding=\"async\" class=\"img-responsive\" typeof=\"foaf:Image\" src=\"https:\/\/www.leconomiste.com\/sites\/default\/files\/eco7\/public\/styles\/800x400\/public\/default_images\/default_une.jpg?itok=4jZlgnIZ\" width=\"660\" height=\"330\" alt=\"\"\/><\/a><\/div>\n<\/div>\n<div class=\" title_suite_2 col col-xs-12 col-lg-12\"> <a href=\"\/article\/1068385-aba-capital-finalise-l-acquisition-de-50-d-intelifex\"\/><span class=\"field-content\">ABA Capital finalise l\u2019acquisition de 50% d\u2019Intelifex<\/span><\/div>\n<\/div>\n<\/div>\n<\/div>\n<\/div>\n<\/div>\n<\/div>\n<\/div>\n<p>Auteur: hlafriqi<br \/>\n<a href=\"https:\/\/www.leconomiste.com\/article\/1068388-hommage-au-journalisme\">Cliquez ici pour lire l&rsquo;article depuis sa source.<\/a><\/p>\n","protected":false},"excerpt":{"rendered":"<p>Par Jihad RIZK | Edition N\u00b0:5863 Le 13\/10\/2020 | Partager Dans un long reportage publi\u00e9 le 12 octobre, la MAP a rendu hommage aux journalistes-photographes (et \u00e0 travers eux\u00a0 \u00e0 l\u2019ensemble des journalistes). Une reconnaissance loin d\u2019\u00eatre usurp\u00e9e eu \u00e9gard l\u2019engagement des m\u00e9dias professionnels pendant toute la pand\u00e9mie. Engagement non moins strat\u00e9gique que celui des [&hellip;]<\/p>\n","protected":false},"author":1763,"featured_media":0,"comment_status":"closed","ping_status":"closed","sticky":false,"template":"","format":"standard","meta":{"fifu_image_url":"","fifu_image_alt":"","footnotes":""},"categories":[78,54],"tags":[],"class_list":["post-101606","post","type-post","status-publish","format-standard","hentry","category-economie","category-maroc"],"_links":{"self":[{"href":"https:\/\/linitiative.ca\/International\/wp-json\/wp\/v2\/posts\/101606","targetHints":{"allow":["GET"]}}],"collection":[{"href":"https:\/\/linitiative.ca\/International\/wp-json\/wp\/v2\/posts"}],"about":[{"href":"https:\/\/linitiative.ca\/International\/wp-json\/wp\/v2\/types\/post"}],"author":[{"embeddable":true,"href":"https:\/\/linitiative.ca\/International\/wp-json\/wp\/v2\/users\/1763"}],"replies":[{"embeddable":true,"href":"https:\/\/linitiative.ca\/International\/wp-json\/wp\/v2\/comments?post=101606"}],"version-history":[{"count":0,"href":"https:\/\/linitiative.ca\/International\/wp-json\/wp\/v2\/posts\/101606\/revisions"}],"wp:attachment":[{"href":"https:\/\/linitiative.ca\/International\/wp-json\/wp\/v2\/media?parent=101606"}],"wp:term":[{"taxonomy":"category","embeddable":true,"href":"https:\/\/linitiative.ca\/International\/wp-json\/wp\/v2\/categories?post=101606"},{"taxonomy":"post_tag","embeddable":true,"href":"https:\/\/linitiative.ca\/International\/wp-json\/wp\/v2\/tags?post=101606"}],"curies":[{"name":"wp","href":"https:\/\/api.w.org\/{rel}","templated":true}]}}