{"id":101610,"date":"2020-10-13T12:00:00","date_gmt":"2020-10-13T16:00:00","guid":{"rendered":"https:\/\/linitiative.ca\/International\/vers-un-retour-de-ghazi-ayadi\/"},"modified":"2020-10-13T12:00:00","modified_gmt":"2020-10-13T16:00:00","slug":"vers-un-retour-de-ghazi-ayadi","status":"publish","type":"post","link":"https:\/\/linitiative.ca\/International\/vers-un-retour-de-ghazi-ayadi\/","title":{"rendered":"Vers un retour de Ghazi Ayadi"},"content":{"rendered":"<p class=\"p1 c3\"><span class=\"c2\">L\u2019ex milieu de terrain<span class=\"Apple-converted-space\">\u00a0<\/span> du Club Africain Ghazi Ayadi pourrait r\u00e9endosser le maillot clubiste. En effet, le joueur qui n\u2019a pu trouver une bonne adresse et un club qui r\u00e9pondent \u00e0 ses attentes serait sur le point de s\u2019engager \u00e0 nouveau avec son club de toujours. Ghazi Ayadi serait en pourparlers avanc\u00e9 avec le pr\u00e9sident Abdessalem El Younsi et il n\u2019est pas exclu de voir les deux parties s\u2019entendre sur toutes les modalit\u00e9s. Rappelons que Ghazi Ayadi a r\u00e9sili\u00e9 unilat\u00e9ralement son contrat avec le Club Africain lors du dernier mercato d\u2019hiver. Il l\u2019avait fait avec MannoubiHadded.<\/span><\/p>\n<p class=\"p2 c4\"><span class=\"c2\"><strong>Abdessalem El Younsi anticipe<\/strong><\/span><\/p>\n<p class=\"p1 c3\"><span class=\"c2\">Le pr\u00e9sident clubiste aurait promis \u00e0 un bon nombre de ses joueurs, surtout les \u00e9l\u00e9ments cadres de s\u2019occuper de leurs dossiers et de faire en sorte qu\u2019ils soient pay\u00e9s dans les prochains jours. Il l\u2019a fait car certains d\u2019entre eux auraient l\u2019intention de saisir la commission des litiges de la FTF pour percevoir leur argent. Le Club Africain est toujours en bute \u00e0 de graves probl\u00e8mes d\u2019argent malgr\u00e9 le contrat de sponsoring sign\u00e9 avec Qatar Airways. Le pr\u00e9sident clubiste veut \u00e9viter une nouvelle mutinerie et se donner la possibilit\u00e9 d\u2019entamer la nouvelle saison sans embuches. A propos de nouvelle saison, on attend toujours d\u2019en savoir plus sur la date de la reprise des entra\u00eenements. On rappellera que le club de Bab-jedid a \u00e9t\u00e9 \u00e9pargn\u00e9 par le Covid19 puisque seulement le technicien LassaadDridi et le vice-pr\u00e9sident Hamza Oueslati ainsi que Ahmed Khalil ont \u00e9t\u00e9 touch\u00e9s. Une r\u00e9union devrait grouper le pr\u00e9sident El Younsi, Hamza Oueslati ainsi que le technicien Lassaad Dridi.<span class=\"Apple-converted-space\">\u00a0<\/span><\/span><\/p>\n<p class=\"p3 c5\"><span class=\"c2\"><strong>Mourad AYARI<\/strong><\/span><\/p>\n<p>Auteur: letemps1<br \/>\n<a href=\"http:\/\/www.letemps.com.tn\/article\/117527\/vers-un-retour-de-ghazi-ayadi\">Cliquez ici pour lire l&rsquo;article depuis sa source.<\/a><\/p>\n","protected":false},"excerpt":{"rendered":"<p>L\u2019ex milieu de terrain\u00a0 du Club Africain Ghazi Ayadi pourrait r\u00e9endosser le maillot clubiste. En effet, le joueur qui n\u2019a pu trouver une bonne adresse et un club qui r\u00e9pondent \u00e0 ses attentes serait sur le point de s\u2019engager \u00e0 nouveau avec son club de toujours. Ghazi Ayadi serait en pourparlers avanc\u00e9 avec le pr\u00e9sident [&hellip;]<\/p>\n","protected":false},"author":1773,"featured_media":0,"comment_status":"closed","ping_status":"closed","sticky":false,"template":"","format":"standard","meta":{"fifu_image_url":"","fifu_image_alt":"","footnotes":""},"categories":[73,55],"tags":[],"class_list":["post-101610","post","type-post","status-publish","format-standard","hentry","category-actualite","category-tunisie"],"_links":{"self":[{"href":"https:\/\/linitiative.ca\/International\/wp-json\/wp\/v2\/posts\/101610","targetHints":{"allow":["GET"]}}],"collection":[{"href":"https:\/\/linitiative.ca\/International\/wp-json\/wp\/v2\/posts"}],"about":[{"href":"https:\/\/linitiative.ca\/International\/wp-json\/wp\/v2\/types\/post"}],"author":[{"embeddable":true,"href":"https:\/\/linitiative.ca\/International\/wp-json\/wp\/v2\/users\/1773"}],"replies":[{"embeddable":true,"href":"https:\/\/linitiative.ca\/International\/wp-json\/wp\/v2\/comments?post=101610"}],"version-history":[{"count":0,"href":"https:\/\/linitiative.ca\/International\/wp-json\/wp\/v2\/posts\/101610\/revisions"}],"wp:attachment":[{"href":"https:\/\/linitiative.ca\/International\/wp-json\/wp\/v2\/media?parent=101610"}],"wp:term":[{"taxonomy":"category","embeddable":true,"href":"https:\/\/linitiative.ca\/International\/wp-json\/wp\/v2\/categories?post=101610"},{"taxonomy":"post_tag","embeddable":true,"href":"https:\/\/linitiative.ca\/International\/wp-json\/wp\/v2\/tags?post=101610"}],"curies":[{"name":"wp","href":"https:\/\/api.w.org\/{rel}","templated":true}]}}