{"id":101611,"date":"2020-10-13T12:00:00","date_gmt":"2020-10-13T16:00:00","guid":{"rendered":"https:\/\/linitiative.ca\/International\/heykel-chikhaoui-aux-abonnes-absents\/"},"modified":"2020-10-13T12:00:00","modified_gmt":"2020-10-13T16:00:00","slug":"heykel-chikhaoui-aux-abonnes-absents","status":"publish","type":"post","link":"https:\/\/linitiative.ca\/International\/heykel-chikhaoui-aux-abonnes-absents\/","title":{"rendered":"Heykel Chikhaoui aux abonn\u00e9s absents\u00a0!"},"content":{"rendered":"<p class=\"p1 c3\"><span class=\"c2\">Heykel Chikhaoui ,autoris\u00e9 \u00e0 prolonger son s\u00e9jour en France, n\u2019a pas donn\u00e9 \u00e0 ce jour aucun signe de vie et son retour \u00e0 Tunis n\u2019est probablement pas pour les prochains jours. Le milieu du terrain stadiste qui n\u2019est pas \u00e0 sa premi\u00e8re escapade, ce qui pourrait pousser les responsables stadistes \u00e0 prendre des sanctions \u00e0 son encontre.<span class=\"Apple-converted-space\">\u00a0<\/span><\/span><\/p>\n<p class=\"p1 c3\"><span class=\"c2\">Selon des informations concordantes, les dirigeants stadistes sont d\u00e9cid\u00e9s \u00e0 se d\u00e9barrasser de ce joueur au plus vite et surtout avant la fin de son contrat. <span class=\"Apple-converted-space\">\u00a0<\/span><\/span><\/p>\n<p class=\"p2 c4\"><span class=\"c2\"><strong>Retour<span class=\"Apple-converted-space\">\u00a0<\/span><\/strong><\/span><\/p>\n<p class=\"p1 c3\"><span class=\"c2\">Les prochaines s\u00e9ances enregistreront le retour attendu de Walid Hosni rest\u00e9 en France le temps de retrouver ses aptitudes physiques apr\u00e8s la blessure musculaire dont il a fait l\u2019objet lors de la rencontre face au CSS pour le compte du championnat. Ce joueur a inform\u00e9 ses employeurs qu\u2019il sera de retour au courant de cette semaine.<span class=\"Apple-converted-space\">\u00a0<\/span><\/span><\/p>\n<p class=\"p2 c4\"><span class=\"c2\"><strong>Mercato\u00a0<span class=\"Apple-converted-space\">\u00a0<\/span><\/strong><\/span><\/p>\n<p class=\"p1 c3\"><span class=\"c2\">Le march\u00e9 des transferts n\u2019a pas encore ferm\u00e9 ses portes pour l\u2019\u00e9quipe stadiste. L\u2019arriv\u00e9e de l\u2019Alg\u00e9rien Abdelkrim Benarous ne sera certainement pas la derni\u00e8re dans les rangs de l\u2019\u00e9quipe. Les responsables gardent encore l\u2019espoir de mettre la main sur un attaquant d\u2019envergure internationale pour venir pr\u00eater main forte.<span class=\"Apple-converted-space\">\u00a0<\/span><\/span><\/p>\n<p class=\"p1 c3\"><span class=\"c2\">Pour Benarous, nous avons appris qu\u2019il sera probablement \u00e0 Tunis au cours<span class=\"Apple-converted-space\">\u00a0<\/span> de cette semaine, mais il devra rester en confinement pour au moins 7 jours avant de pouvoir rejoindre le reste du groupe.<span class=\"Apple-converted-space\">\u00a0<\/span><\/span><\/p>\n<p class=\"p2 c4\"><span class=\"c2\"><strong>Le mercato n\u2019est pas encore termin\u00e9<\/strong><\/span><\/p>\n<p class=\"p1 c3\"><span class=\"c2\">La recrudescence de l\u2019infection au coronavirus et l\u2019interdiction par le Minist\u00e8re de Tutelle des manifestations sportives n\u2019a pas emp\u00each\u00e9 les stadistes de poursuivre leur pr\u00e9paration au coup d\u2019envoi de la nouvelle saison report\u00e9 au 6 novembre prochain.<span class=\"Apple-converted-space\">\u00a0<\/span><\/span><\/p>\n<p class=\"p1 c3\"><span class=\"c2\">Les s\u00e9ances d\u2019entra\u00eenements se poursuivent au rythme d\u2019une s\u00e9ance par jour sur la pelouse du complexe Hedi Ennefier au Bardo.Le seul changement intervenu dans le programme de pr\u00e9paration de l\u2019\u00e9quipe stadiste a touch\u00e9 les rencontres amicales annul\u00e9es par les temps qui courent. Ainsi, les Stadistes qui comptaient disputer une troisi\u00e8me rencontre amicale samedi dernier, se sont content\u00e9s finalement d\u2019une s\u00e9ance d\u2019entra\u00eenement sans plus.<span class=\"Apple-converted-space\">\u00a0<\/span><\/span><\/p>\n<p class=\"p3 c5\"><span class=\"c2\"><strong>M.R<\/strong><\/span><\/p>\n<p>Auteur: letemps1<br \/>\n<a href=\"http:\/\/www.letemps.com.tn\/article\/117528\/heykel-chikhaoui-aux-abonn%C3%A9s-absents%C2%A0\">Cliquez ici pour lire l&rsquo;article depuis sa source.<\/a><\/p>\n","protected":false},"excerpt":{"rendered":"<p>Heykel Chikhaoui ,autoris\u00e9 \u00e0 prolonger son s\u00e9jour en France, n\u2019a pas donn\u00e9 \u00e0 ce jour aucun signe de vie et son retour \u00e0 Tunis n\u2019est probablement pas pour les prochains jours. Le milieu du terrain stadiste qui n\u2019est pas \u00e0 sa premi\u00e8re escapade, ce qui pourrait pousser les responsables stadistes \u00e0 prendre des sanctions \u00e0 [&hellip;]<\/p>\n","protected":false},"author":1773,"featured_media":0,"comment_status":"closed","ping_status":"closed","sticky":false,"template":"","format":"standard","meta":{"fifu_image_url":"","fifu_image_alt":"","footnotes":""},"categories":[73,55],"tags":[],"class_list":["post-101611","post","type-post","status-publish","format-standard","hentry","category-actualite","category-tunisie"],"_links":{"self":[{"href":"https:\/\/linitiative.ca\/International\/wp-json\/wp\/v2\/posts\/101611","targetHints":{"allow":["GET"]}}],"collection":[{"href":"https:\/\/linitiative.ca\/International\/wp-json\/wp\/v2\/posts"}],"about":[{"href":"https:\/\/linitiative.ca\/International\/wp-json\/wp\/v2\/types\/post"}],"author":[{"embeddable":true,"href":"https:\/\/linitiative.ca\/International\/wp-json\/wp\/v2\/users\/1773"}],"replies":[{"embeddable":true,"href":"https:\/\/linitiative.ca\/International\/wp-json\/wp\/v2\/comments?post=101611"}],"version-history":[{"count":0,"href":"https:\/\/linitiative.ca\/International\/wp-json\/wp\/v2\/posts\/101611\/revisions"}],"wp:attachment":[{"href":"https:\/\/linitiative.ca\/International\/wp-json\/wp\/v2\/media?parent=101611"}],"wp:term":[{"taxonomy":"category","embeddable":true,"href":"https:\/\/linitiative.ca\/International\/wp-json\/wp\/v2\/categories?post=101611"},{"taxonomy":"post_tag","embeddable":true,"href":"https:\/\/linitiative.ca\/International\/wp-json\/wp\/v2\/tags?post=101611"}],"curies":[{"name":"wp","href":"https:\/\/api.w.org\/{rel}","templated":true}]}}