{"id":101612,"date":"2020-10-13T15:13:11","date_gmt":"2020-10-13T19:13:11","guid":{"rendered":"https:\/\/linitiative.ca\/International\/international-liga-la-date-et-lheure-du-clasico-devoilees\/"},"modified":"2020-10-13T15:13:11","modified_gmt":"2020-10-13T19:13:11","slug":"international-liga-la-date-et-lheure-du-clasico-devoilees","status":"publish","type":"post","link":"https:\/\/linitiative.ca\/International\/international-liga-la-date-et-lheure-du-clasico-devoilees\/","title":{"rendered":"International : Liga : la date et l&rsquo;heure du Clasico d\u00e9voil\u00e9es"},"content":{"rendered":"<div readability=\"32\">\n<p>Auteur : <span class=\"time\">mardi 13 octobre 2020 13:51<\/span><\/p>\n<\/div>\n<div id=\"post_core\" readability=\"41\">\n<p>Un \u00e9norme choc, si ce n&rsquo;est le plus grand match possible dans le monde du football, que le Clasico. Chaque ann\u00e9e, les rencontres entre le FC Barcelone et le Real Madrid sont attendues au tournant par tous les fans de ballon rond. Cette saison, l&rsquo;opposition commencera au Camp Nou le samedi 24 octobre. Et la Liga a officialis\u00e9 l&rsquo;heure de ce sommet. Ce sera 15 heures, un horaire accessible \u00e0 la plupart des fans du monde entier, que ce soit en Am\u00e9rique ou en Asie. Le duel entre l&rsquo;\u00e9quipe de Lionel Messi et celle de Sergio Ramos risque donc d&rsquo;\u00eatre \u00e9norm\u00e9ment suivi rapporte FootMercato.<\/p>\n<p><strong>Publi\u00e9 dans :<\/strong> <span>Clasico<\/span><\/p>\n<\/div>\n<p>Auteur:<br \/>\n<a href=\"http:\/\/www.lebuteur.com\/article\/detail?titre=liga-la-date-et-lheure-du-clasico-devoilees&#038;id=97598&#038;utm_source=feedburner&#038;utm_medium=feed&#038;utm_campaign=Feed%3A+GalerieFArtciles+%28Les+derniers+articles++-+lebuteur.com%29\">Cliquez ici pour lire l&rsquo;article depuis sa source.<\/a><\/p>\n","protected":false},"excerpt":{"rendered":"<p>Auteur : mardi 13 octobre 2020 13:51 Un \u00e9norme choc, si ce n&rsquo;est le plus grand match possible dans le monde du football, que le Clasico. Chaque ann\u00e9e, les rencontres entre le FC Barcelone et le Real Madrid sont attendues au tournant par tous les fans de ballon rond. Cette saison, l&rsquo;opposition commencera au Camp [&hellip;]<\/p>\n","protected":false},"author":1738,"featured_media":101613,"comment_status":"closed","ping_status":"closed","sticky":false,"template":"","format":"standard","meta":{"fifu_image_url":"","fifu_image_alt":"","footnotes":""},"categories":[53,75],"tags":[],"class_list":["post-101612","post","type-post","status-publish","format-standard","has-post-thumbnail","hentry","category-algerie","category-sport"],"_links":{"self":[{"href":"https:\/\/linitiative.ca\/International\/wp-json\/wp\/v2\/posts\/101612","targetHints":{"allow":["GET"]}}],"collection":[{"href":"https:\/\/linitiative.ca\/International\/wp-json\/wp\/v2\/posts"}],"about":[{"href":"https:\/\/linitiative.ca\/International\/wp-json\/wp\/v2\/types\/post"}],"author":[{"embeddable":true,"href":"https:\/\/linitiative.ca\/International\/wp-json\/wp\/v2\/users\/1738"}],"replies":[{"embeddable":true,"href":"https:\/\/linitiative.ca\/International\/wp-json\/wp\/v2\/comments?post=101612"}],"version-history":[{"count":0,"href":"https:\/\/linitiative.ca\/International\/wp-json\/wp\/v2\/posts\/101612\/revisions"}],"wp:featuredmedia":[{"embeddable":true,"href":"https:\/\/linitiative.ca\/International\/wp-json\/"}],"wp:attachment":[{"href":"https:\/\/linitiative.ca\/International\/wp-json\/wp\/v2\/media?parent=101612"}],"wp:term":[{"taxonomy":"category","embeddable":true,"href":"https:\/\/linitiative.ca\/International\/wp-json\/wp\/v2\/categories?post=101612"},{"taxonomy":"post_tag","embeddable":true,"href":"https:\/\/linitiative.ca\/International\/wp-json\/wp\/v2\/tags?post=101612"}],"curies":[{"name":"wp","href":"https:\/\/api.w.org\/{rel}","templated":true}]}}