{"id":101620,"date":"2020-10-12T20:00:00","date_gmt":"2020-10-13T00:00:00","guid":{"rendered":"https:\/\/linitiative.ca\/International\/mc-oran-le-club-fait-face-a-un-serieux-probleme-de-dettes\/"},"modified":"2020-10-12T20:00:00","modified_gmt":"2020-10-13T00:00:00","slug":"mc-oran-le-club-fait-face-a-un-serieux-probleme-de-dettes","status":"publish","type":"post","link":"https:\/\/linitiative.ca\/International\/mc-oran-le-club-fait-face-a-un-serieux-probleme-de-dettes\/","title":{"rendered":"MC Oran  :   Le club fait face \u00e0 un s\u00e9rieux probl\u00e8me de dettes"},"content":{"rendered":"<p>La nouvelle direction du MC Oran, pr\u00e9sid\u00e9e par Tayeb Mehiaoui, a h\u00e9rit\u00e9 de \u00ablourdes dettes\u00bb et risque d\u2019avoir des probl\u00e8mes pour les r\u00e9gler, a-t-on appris de ce club de Ligue 1 de football. Des sommes importantes devront \u00eatre vers\u00e9es \u00e0 d\u2019anciens joueurs ainsi qu\u2019\u00e0 des op\u00e9rateurs \u00e9conomiques repr\u00e9sentant les dettes du club contract\u00e9es par les pr\u00e9c\u00e9dentes directions envers eux, a indiqu\u00e9 \u00e0 l\u2019APS le directeur de l\u2019administration g\u00e9n\u00e9rale (DAG), Hadj Bennacer, qui n\u2019a toutefois pas d\u00e9voil\u00e9 la somme exacte de ces dettes.<br \/>La mission des dirigeants oranais a \u00e9t\u00e9 rendue encore difficile apr\u00e8s que la masse salariale de l\u2019\u00e9quipe premi\u00e8re a connu une \u00abaugmentation sensible\u00bb en vue de la saison prochaine, en raison \u00abdu recrutement de plusieurs joueurs de valeur et d&rsquo;un entra\u00eeneur de renom\u00bb, a expliqu\u00e9 le m\u00eame responsable. Il a n\u00e9anmoins estim\u00e9 qu\u2019il \u00e9tait n\u00e9cessaire de \u00abr\u00e9volutionner l\u2019effectif et s\u2019adjuger les services d\u2019un entra\u00eeneur de valeur, en la personne du Fran\u00e7ais Bernard Casoni, au regard des ambitions de la nouvelle direction qui entend jouer les premiers r\u00f4les dans l\u2019espoir de permettre au club de renouer avec les cons\u00e9crations apr\u00e8s plusieurs ann\u00e9es de disette\u00bb. Ayant jusque-l\u00e0 b\u00e9n\u00e9fici\u00e9 d\u2019un apport consid\u00e9rable de la part du sponsor majeur du club, \u00e0 savoir l\u2019entreprise Hyproc qui a attribu\u00e9 derni\u00e8rement 50 millions DA au club, la direction de ce dernier a engag\u00e9 des contacts avec plusieurs op\u00e9rateurs \u00e9conomiques en vue de b\u00e9n\u00e9ficier de nouveaux contrats de sponsoring, fait-on encore savoir.<br \/>\u00abNous avons mis en place une commission de marketing qui a pour mission de doter le club de nouveaux sponsors. On sait que la conjoncture actuelle de la majorit\u00e9 des entreprises \u00e9conomiques du pays, impact\u00e9es par la pand\u00e9mie de Covid-19, ne plaide pas en notre faveur, mais on ne perd pas espoir de convaincre certains op\u00e9rateurs \u00e9conomiques de nous accompagner en vue de l\u2019exercice \u00e0 venir\u00bb, a soulign\u00e9 le DAG du MCO, dont l\u2019entra\u00eeneur Casoni a dress\u00e9 un tableau sombre sur l\u2019\u00e9tat des lieux lors de sa conf\u00e9rence de presse anim\u00e9e vendredi pass\u00e9e, rappelle-t-on.<\/p>\n<p>Auteur: elmoudjahid<br \/>\n<a href=\"http:\/\/www.elmoudjahid.com\/fr\/actualites\/160628\">Cliquez ici pour lire l&rsquo;article depuis sa source.<\/a><\/p>\n","protected":false},"excerpt":{"rendered":"<p>La nouvelle direction du MC Oran, pr\u00e9sid\u00e9e par Tayeb Mehiaoui, a h\u00e9rit\u00e9 de \u00ablourdes dettes\u00bb et risque d\u2019avoir des probl\u00e8mes pour les r\u00e9gler, a-t-on appris de ce club de Ligue 1 de football. Des sommes importantes devront \u00eatre vers\u00e9es \u00e0 d\u2019anciens joueurs ainsi qu\u2019\u00e0 des op\u00e9rateurs \u00e9conomiques repr\u00e9sentant les dettes du club contract\u00e9es par les [&hellip;]<\/p>\n","protected":false},"author":1744,"featured_media":0,"comment_status":"closed","ping_status":"closed","sticky":false,"template":"","format":"standard","meta":{"fifu_image_url":"","fifu_image_alt":"","footnotes":""},"categories":[73,53],"tags":[],"class_list":["post-101620","post","type-post","status-publish","format-standard","hentry","category-actualite","category-algerie"],"_links":{"self":[{"href":"https:\/\/linitiative.ca\/International\/wp-json\/wp\/v2\/posts\/101620","targetHints":{"allow":["GET"]}}],"collection":[{"href":"https:\/\/linitiative.ca\/International\/wp-json\/wp\/v2\/posts"}],"about":[{"href":"https:\/\/linitiative.ca\/International\/wp-json\/wp\/v2\/types\/post"}],"author":[{"embeddable":true,"href":"https:\/\/linitiative.ca\/International\/wp-json\/wp\/v2\/users\/1744"}],"replies":[{"embeddable":true,"href":"https:\/\/linitiative.ca\/International\/wp-json\/wp\/v2\/comments?post=101620"}],"version-history":[{"count":0,"href":"https:\/\/linitiative.ca\/International\/wp-json\/wp\/v2\/posts\/101620\/revisions"}],"wp:attachment":[{"href":"https:\/\/linitiative.ca\/International\/wp-json\/wp\/v2\/media?parent=101620"}],"wp:term":[{"taxonomy":"category","embeddable":true,"href":"https:\/\/linitiative.ca\/International\/wp-json\/wp\/v2\/categories?post=101620"},{"taxonomy":"post_tag","embeddable":true,"href":"https:\/\/linitiative.ca\/International\/wp-json\/wp\/v2\/tags?post=101620"}],"curies":[{"name":"wp","href":"https:\/\/api.w.org\/{rel}","templated":true}]}}