{"id":101624,"date":"2020-10-12T20:00:00","date_gmt":"2020-10-13T00:00:00","guid":{"rendered":"https:\/\/linitiative.ca\/International\/proces-en-appel-dali-haddad-audition-dabdelmalek-sellal\/"},"modified":"2020-10-12T20:00:00","modified_gmt":"2020-10-13T00:00:00","slug":"proces-en-appel-dali-haddad-audition-dabdelmalek-sellal","status":"publish","type":"post","link":"https:\/\/linitiative.ca\/International\/proces-en-appel-dali-haddad-audition-dabdelmalek-sellal\/","title":{"rendered":"Proc\u00e8s en appel d\u2019Ali Haddad : Audition d\u2019Abdelmalek Sellal"},"content":{"rendered":"<p>Le proc\u00e8s en appel de l&rsquo;homme d&rsquo;affaires Ali Haddad s&rsquo;est poursuivi hier \u00e0 la Cour d\u2019Alger, par l\u2019audition des accus\u00e9s.<br \/>Apr\u00e8s avoir auditionn\u00e9 l&rsquo;ancien Premier ministre, Ahmed Ouyahia, le juge de si\u00e8ge a auditionn\u00e9 \u00e9galement l\u2019autre ancien Premier ministre, Abdelmalek Sellal, condamn\u00e9 \u00e0 une peine de 12 ans de prison ferme, assortie d\u2019une amende de 1 million de dinars pour octroi d\u2019indus privil\u00e8ges, abus de fonction et dilapidation de deniers publics.<br \/>R\u00e9pondant aux questions du juge, Abdelmalek Sellal, qui a r\u00e9it\u00e9r\u00e9 les d\u00e9clarations qu&rsquo;il avait faites devant le tribunal de premi\u00e8re instance, a ni\u00e9 en bloc les faits qui lui sont reproch\u00e9s, justifiant ceci par sa qualit\u00e9 de Premier ministre qui \u00abappliquait le programme de l&rsquo;ex-Pr\u00e9sident de la R\u00e9publique, Abdelaziz Bouteflika, un programme cautionn\u00e9 par le Parlement\u00bb, a-t-il dit.<br \/>Sellal a ajout\u00e9 qu\u2019il ne relevait pas de ses pr\u00e9rogatives, en tant que Premier ministre, de suivre les projets et qu&rsquo;il n\u2019intervenait pas dans la gestion des march\u00e9s publics, pr\u00e9cisant que les d\u00e9cisions du Conseil des Participations de l&rsquo;Etat (CPE) \u00e9taient prises en pr\u00e9sence des minist\u00e8res r\u00e9galiens.<br \/>Sellal a \u00e9voqu\u00e9 la question du financement occulte de la campagne \u00e9lectorale, dans laquelle il est accus\u00e9 dans une autre affaire, expliquant que lorsqu&rsquo;il avait \u00e9t\u00e9 charg\u00e9 de diriger la campagne \u00e9lectorale en faveur du candidat Bouteflika \u00e0 la Pr\u00e9sidentielle d&rsquo;avril 2019, il n\u2019\u00e9tait responsable que de \u00abl&rsquo;aspect organisationnel\u00bb tandis que le volet financier, a-t-il dit, \u00e9tait \u00e0 la charge du membre du Conseil de la nation, Hamoud Chaid, d\u00e9c\u00e9d\u00e9 cette ann\u00e9e.\u00a0\u00a0<\/p>\n<p>Auteur: elmoudjahid<br \/>\n<a href=\"http:\/\/www.elmoudjahid.com\/fr\/actualites\/160632\">Cliquez ici pour lire l&rsquo;article depuis sa source.<\/a><\/p>\n","protected":false},"excerpt":{"rendered":"<p>Le proc\u00e8s en appel de l&rsquo;homme d&rsquo;affaires Ali Haddad s&rsquo;est poursuivi hier \u00e0 la Cour d\u2019Alger, par l\u2019audition des accus\u00e9s.Apr\u00e8s avoir auditionn\u00e9 l&rsquo;ancien Premier ministre, Ahmed Ouyahia, le juge de si\u00e8ge a auditionn\u00e9 \u00e9galement l\u2019autre ancien Premier ministre, Abdelmalek Sellal, condamn\u00e9 \u00e0 une peine de 12 ans de prison ferme, assortie d\u2019une amende de 1 [&hellip;]<\/p>\n","protected":false},"author":1744,"featured_media":0,"comment_status":"closed","ping_status":"closed","sticky":false,"template":"","format":"standard","meta":{"fifu_image_url":"","fifu_image_alt":"","footnotes":""},"categories":[73,53],"tags":[],"class_list":["post-101624","post","type-post","status-publish","format-standard","hentry","category-actualite","category-algerie"],"_links":{"self":[{"href":"https:\/\/linitiative.ca\/International\/wp-json\/wp\/v2\/posts\/101624","targetHints":{"allow":["GET"]}}],"collection":[{"href":"https:\/\/linitiative.ca\/International\/wp-json\/wp\/v2\/posts"}],"about":[{"href":"https:\/\/linitiative.ca\/International\/wp-json\/wp\/v2\/types\/post"}],"author":[{"embeddable":true,"href":"https:\/\/linitiative.ca\/International\/wp-json\/wp\/v2\/users\/1744"}],"replies":[{"embeddable":true,"href":"https:\/\/linitiative.ca\/International\/wp-json\/wp\/v2\/comments?post=101624"}],"version-history":[{"count":0,"href":"https:\/\/linitiative.ca\/International\/wp-json\/wp\/v2\/posts\/101624\/revisions"}],"wp:attachment":[{"href":"https:\/\/linitiative.ca\/International\/wp-json\/wp\/v2\/media?parent=101624"}],"wp:term":[{"taxonomy":"category","embeddable":true,"href":"https:\/\/linitiative.ca\/International\/wp-json\/wp\/v2\/categories?post=101624"},{"taxonomy":"post_tag","embeddable":true,"href":"https:\/\/linitiative.ca\/International\/wp-json\/wp\/v2\/tags?post=101624"}],"curies":[{"name":"wp","href":"https:\/\/api.w.org\/{rel}","templated":true}]}}