{"id":101625,"date":"2020-10-13T11:38:37","date_gmt":"2020-10-13T15:38:37","guid":{"rendered":"https:\/\/linitiative.ca\/International\/110974-foot-inter-regions-des-clubs-denoncent-la-politique-de-deux-poids-deux-mesures\/"},"modified":"2020-10-13T11:38:37","modified_gmt":"2020-10-13T15:38:37","slug":"110974-foot-inter-regions-des-clubs-denoncent-la-politique-de-deux-poids-deux-mesures","status":"publish","type":"post","link":"https:\/\/linitiative.ca\/International\/110974-foot-inter-regions-des-clubs-denoncent-la-politique-de-deux-poids-deux-mesures\/","title":{"rendered":"Foot\/Inter-r\u00e9gions: des clubs d\u00e9noncent la politique de \u00ab\u00a0deux poids, deux mesures\u00a0\u00bb"},"content":{"rendered":"<div readability=\"38\">\n<p><strong>ALGER &#8211; Des clubs de la division Inter-r\u00e9gions ont d\u00e9nonc\u00e9 mardi \u00e0 Alger la politique de \u00ab\u00a0deux poids, deux mesures\u00a0\u00bb adopt\u00e9e par les hautes instances du football national dans l&rsquo;application du nouveau syst\u00e8me pyramidal de comp\u00e9tition, adopt\u00e9 en raison de la pand\u00e9mie de Covid-19, \u00ab\u00a0sans toucher les paliers inf\u00e9rieurs\u00a0\u00bb.<\/strong><\/p>\n<\/div>\n<div readability=\"96\">\n<p>\u00ab\u00a0Nous vivons une situation exceptionnelle en raison du coronavirus et nous sommes parfaitement conscients que cette crise sanitaire n&rsquo;est pas sans cons\u00e9quences sur le monde du sport. Seulement, malgr\u00e9 la complexit\u00e9 de la t\u00e2che, les hautes instances du football national ont plus ou moins r\u00e9ussi \u00e0 trouver le moyen de satisfaire les clubs de l&rsquo;\u00e9lite, et ce que nous r\u00e9clamons aujourd&rsquo;hui, c&rsquo;est de b\u00e9n\u00e9ficier du m\u00eame privil\u00e8ge\u00a0\u00bb, a expliqu\u00e9 en conf\u00e9rence de presse Mohamed Amine Sahli, le pr\u00e9sident du DRB Baraki, qui a \u00e9t\u00e9 mandat\u00e9 par les autres clubs \u00ab\u00a0plaignants\u00a0\u00bb, pour parler en leur nom.<\/p>\n<p>Selon la m\u00eame source, \u00ab\u00a0le Bureau f\u00e9d\u00e9ral n&rsquo;a pas \u00e9t\u00e9 \u00e9quitable dans la prise de certaines d\u00e9cisions, notamment, en ce qui concerne l&rsquo;accession et la rel\u00e9gation, car s&rsquo;il a trouv\u00e9 le moyen de satisfaire les clubs de l&rsquo;\u00e9lite, cela n&rsquo;a pas \u00e9t\u00e9 du tout le cas en ce qui nous concerne, puisque cette mesure n&rsquo;a pas \u00e9t\u00e9 appliqu\u00e9e. Or, les choses \u00e9taient claires d\u00e8s le d\u00e9part : pas de rel\u00e9gation dans la conjoncture actuelle\u00a0\u00bb, a-t-il poursuivi.<\/p>\n<blockquote readability=\"9\">\n<p><em><strong>Une d\u00e9cision d&rsquo;autant plus difficile \u00e0 accepter pour certains clubs, comme le DRB Baraki, qui \u00e9taient toujours en course pour l&rsquo;accession \u00e0 quatre journ\u00e9es de la fin de la saison \u00e9coul\u00e9e avant l&rsquo;interruption du championnat pour cause de Covid-19.<\/strong><\/em><\/p>\n<\/blockquote>\n<p>Outre le syst\u00e8me de comp\u00e9tition, Sahli a \u00e9voqu\u00e9 \u00ab\u00a0d&rsquo;autres injustices\u00a0\u00bb qui, selon lui, ont \u00ab\u00a0profond\u00e9ment affect\u00e9\u00a0\u00bb les clubs soci\u00e9taires de la division Inter-r\u00e9gions, notamment le fait qu'\u00a0\u00bbon se soit immisc\u00e9s dans leurs statuts\u00a0\u00bb, sans oublier que \u00ab\u00a0certaines formations, comme le CRB Hennaya (Gr. Centre-Ouest) et le l&rsquo;ARB Ghriss (Gr. Ouest) se sont vu d\u00e9falquer un point pour un probl\u00e8me relatif \u00e0 la cat\u00e9gorie U14, alors que certaines Ligues, comme celle de Blida, ne disposent m\u00eame pas de cette cat\u00e9gorie d&rsquo;\u00e2ge\u00a0\u00bb.<\/p>\n<p>Toujours selon Sahli, les clubs de l&rsquo;Inter-r\u00e9gions qui se sont sentis \u00ab\u00a0l\u00e9s\u00e9s\u00a0\u00bb par toutes ces \u00ab\u00a0injustices\u00a0\u00bb, ont pass\u00e9 les trois derniers mois \u00e0 courir dans tous les sens pour essayer de recouvrir leurs droits, mais sans succ\u00e8s.<\/p>\n<p>\u00ab\u00a0Nous avons sollicit\u00e9 la Ligue Inter-r\u00e9gions, puis la Ligue de football professionnel et la F\u00e9d\u00e9ration alg\u00e9rienne de football avant d&rsquo;essayer de toucher le minist\u00e8re de la Jeunesse et des Sports, en vain\u00a0\u00bb, a-t-il regrett\u00e9.<\/p>\n<p>Ainsi, et las de buter sans cesse sur des \u00ab\u00a0portes ferm\u00e9es\u00a0\u00bb, les clubs en question ont d\u00e9cid\u00e9 de se r\u00e9unir en groupe et de \u00ab\u00a0solliciter l&rsquo;intervention des plus hautes autorit\u00e9s, dont celle du pr\u00e9sident de la R\u00e9publique\u00a0\u00bb, qu&rsquo;ils voient comme \u00ab\u00a0l&rsquo;ultime recours\u00a0\u00bb \u00e0 la r\u00e9solution de leur probl\u00e8me.<\/p>\n<\/div>\n<p>Auteur:<br \/>\n<a href=\"http:\/\/www.aps.dz\/sport\/110974-foot-inter-regions-des-clubs-denoncent-la-politique-de-deux-poids-deux-mesures?utm_source=feedburner&#038;utm_medium=feed&#038;utm_campaign=Feed%3A+aps-sport+%28APS+-+SPORT%29\">Cliquez ici pour lire l&rsquo;article depuis sa source.<\/a><\/p>\n","protected":false},"excerpt":{"rendered":"<p>ALGER &#8211; Des clubs de la division Inter-r\u00e9gions ont d\u00e9nonc\u00e9 mardi \u00e0 Alger la politique de \u00ab\u00a0deux poids, deux mesures\u00a0\u00bb adopt\u00e9e par les hautes instances du football national dans l&rsquo;application du nouveau syst\u00e8me pyramidal de comp\u00e9tition, adopt\u00e9 en raison de la pand\u00e9mie de Covid-19, \u00ab\u00a0sans toucher les paliers inf\u00e9rieurs\u00a0\u00bb. \u00ab\u00a0Nous vivons une situation exceptionnelle en [&hellip;]<\/p>\n","protected":false},"author":1790,"featured_media":0,"comment_status":"closed","ping_status":"closed","sticky":false,"template":"","format":"standard","meta":{"fifu_image_url":"","fifu_image_alt":"","footnotes":""},"categories":[53,75],"tags":[],"class_list":["post-101625","post","type-post","status-publish","format-standard","hentry","category-algerie","category-sport"],"_links":{"self":[{"href":"https:\/\/linitiative.ca\/International\/wp-json\/wp\/v2\/posts\/101625","targetHints":{"allow":["GET"]}}],"collection":[{"href":"https:\/\/linitiative.ca\/International\/wp-json\/wp\/v2\/posts"}],"about":[{"href":"https:\/\/linitiative.ca\/International\/wp-json\/wp\/v2\/types\/post"}],"author":[{"embeddable":true,"href":"https:\/\/linitiative.ca\/International\/wp-json\/wp\/v2\/users\/1790"}],"replies":[{"embeddable":true,"href":"https:\/\/linitiative.ca\/International\/wp-json\/wp\/v2\/comments?post=101625"}],"version-history":[{"count":0,"href":"https:\/\/linitiative.ca\/International\/wp-json\/wp\/v2\/posts\/101625\/revisions"}],"wp:attachment":[{"href":"https:\/\/linitiative.ca\/International\/wp-json\/wp\/v2\/media?parent=101625"}],"wp:term":[{"taxonomy":"category","embeddable":true,"href":"https:\/\/linitiative.ca\/International\/wp-json\/wp\/v2\/categories?post=101625"},{"taxonomy":"post_tag","embeddable":true,"href":"https:\/\/linitiative.ca\/International\/wp-json\/wp\/v2\/tags?post=101625"}],"curies":[{"name":"wp","href":"https:\/\/api.w.org\/{rel}","templated":true}]}}