{"id":101627,"date":"2020-10-13T14:23:14","date_gmt":"2020-10-13T18:23:14","guid":{"rendered":"https:\/\/linitiative.ca\/International\/110985-jm-oran-2022-le-coa-et-le-cojm-collaborent-pour-assurer-la-presence-des-meilleurs-athletes\/"},"modified":"2020-10-13T14:23:14","modified_gmt":"2020-10-13T18:23:14","slug":"110985-jm-oran-2022-le-coa-et-le-cojm-collaborent-pour-assurer-la-presence-des-meilleurs-athletes","status":"publish","type":"post","link":"https:\/\/linitiative.ca\/International\/110985-jm-oran-2022-le-coa-et-le-cojm-collaborent-pour-assurer-la-presence-des-meilleurs-athletes\/","title":{"rendered":"JM ORAN-2022: le COA et le COJM collaborent pour assurer la pr\u00e9sence des meilleurs athl\u00e8tes"},"content":{"rendered":"<div readability=\"35\">\n<p><strong>ORAN &#8211; Le Comit\u00e9 olympique et sportif alg\u00e9rien (COA) et le Comit\u00e9 d\u2019organisation des Jeux m\u00e9diterran\u00e9ens (COJM) Oran-2022 s\u2019attellent \u00e0 arr\u00eater une strat\u00e9gie commune \u00e0 m\u00eame de permettre la pr\u00e9sence des meilleurs athl\u00e8tes lors de ce rendez-vous, a appris l&rsquo;APS mardi aupr\u00e8s du COJM.<\/strong><\/p>\n<\/div>\n<div readability=\"88\">\n<p>A cet effet, une r\u00e9union est programm\u00e9e cette semaine \u00e0 Alger entre le nouveau pr\u00e9sident du COA, Abderrahmane Hamad et le directeur g\u00e9n\u00e9ral du COJM, Salim Iles, informe-t-on de m\u00eame source.<\/p>\n<p>Les organisateurs de la 19e \u00e9dition des JM tablent \u00e9norm\u00e9ment sur l\u2019apport du COA afin de convaincre les comit\u00e9s olympiques des pays participants aux JM d&rsquo;Oran, au nombre de 25, de se pr\u00e9senter en Alg\u00e9rie avec leurs meilleurs sportifs, souligne-t-on.<\/p>\n<p>Il s&rsquo;agit l\u00e0 de l&rsquo;un des objectifs que vise le COJM \u00e0 travers l\u2019organisation des JM, afin de redonner \u00e0 cet \u00e9v\u00e9nement sportif r\u00e9gional sa v\u00e9ritable valeur qu\u2019il a commenc\u00e9, du reste, \u00e0 perdre depuis plusieurs \u00e9ditions, insiste-t-on encore.<\/p>\n<p>Le report de l\u2019\u00e9dition d\u2019Oran \u00e0 l&rsquo;an 2022, alors qu\u2019elle \u00e9tait pr\u00e9vue pour l\u2019\u00e9t\u00e9 2021, est d\u00e9j\u00e0 per\u00e7u comme un atout favorable pour les organisateurs, car l&rsquo;\u00e9v\u00e8nement ne va d\u00e9sormais pas chevaucher avec les Jeux olympiques qui ont \u00e9t\u00e9 ajourn\u00e9s \u00e0 leur tour \u00e0 l&rsquo;\u00e9t\u00e9 2021 \u00e0 cause de la pand\u00e9mie du Covid-19.<\/p>\n<p>Cependant, d\u2019autres manifestations sportives internationales sont programm\u00e9es pour l&rsquo;\u00e9t\u00e9 2022, ce qui pourrait se r\u00e9percuter n\u00e9gativement sur la qualit\u00e9 des athl\u00e8tes devant participer aux JM, d\u2019o\u00f9 le recours par le COJM aux services du COA pour l&rsquo;assister \u00e0 assurer la pr\u00e9sence des meilleurs athl\u00e8tes \u00e9trangers lors des JM d&rsquo;Oran pr\u00e9vus du 25 juin au 5 juillet 2022.<\/p>\n<p>Dans cette optique aussi, les organisateurs de la 19e \u00e9dition des JM entendent relancer leur campagne de promotion de l&rsquo;\u00e9v\u00e8nement, aussi bien sur le plan national qu\u2019international, apr\u00e8s que cette op\u00e9ration ait \u00e9t\u00e9 s\u00e9rieusement impact\u00e9e par la pand\u00e9mie du Covid-19, a-t-on fait savoir.<\/p>\n<p>L&rsquo;\u00e9v\u00e8nement m\u00e9diterran\u00e9en, que l&rsquo;Alg\u00e9rie abrite pour la deuxi\u00e8me fois de son histoire apr\u00e8s avoir accueilli \u00e0 Alger l\u2019\u00e9dition de 1975, est au centre des int\u00e9r\u00eats des plus hautes autorit\u00e9s du pays.<\/p>\n<p>Le dossier a d&rsquo;ailleurs \u00e9t\u00e9 au menu d&rsquo;une r\u00e9union pr\u00e9sid\u00e9e derni\u00e8rement par le Pr\u00e9sident de la R\u00e9publique Abdelmadjid Tebboune qui a donn\u00e9 des instructions fermes aux parties concern\u00e9es pour acc\u00e9l\u00e9rer les pr\u00e9paratifs des JM et lever toutes les contraintes pouvant entacher la bonne organisation de ce rendez-vous. La r\u00e9union a permis \u00ab\u00a0d\u2019injecter un nouveau souffle\u00a0\u00bb \u00e0 la pr\u00e9paration des JM-2022, se f\u00e9licite-t-on du c\u00f4t\u00e9 du COJM.<\/p>\n<\/div>\n<p>Auteur:<br \/>\n<a href=\"http:\/\/www.aps.dz\/sport\/110985-jm-oran-2022-le-coa-et-le-cojm-collaborent-pour-assurer-la-presence-des-meilleurs-athletes?utm_source=feedburner&#038;utm_medium=feed&#038;utm_campaign=Feed%3A+aps-sport+%28APS+-+SPORT%29\">Cliquez ici pour lire l&rsquo;article depuis sa source.<\/a><\/p>\n","protected":false},"excerpt":{"rendered":"<p>ORAN &#8211; Le Comit\u00e9 olympique et sportif alg\u00e9rien (COA) et le Comit\u00e9 d\u2019organisation des Jeux m\u00e9diterran\u00e9ens (COJM) Oran-2022 s\u2019attellent \u00e0 arr\u00eater une strat\u00e9gie commune \u00e0 m\u00eame de permettre la pr\u00e9sence des meilleurs athl\u00e8tes lors de ce rendez-vous, a appris l&rsquo;APS mardi aupr\u00e8s du COJM. A cet effet, une r\u00e9union est programm\u00e9e cette semaine \u00e0 Alger [&hellip;]<\/p>\n","protected":false},"author":1790,"featured_media":0,"comment_status":"closed","ping_status":"closed","sticky":false,"template":"","format":"standard","meta":{"fifu_image_url":"","fifu_image_alt":"","footnotes":""},"categories":[53,75],"tags":[],"class_list":["post-101627","post","type-post","status-publish","format-standard","hentry","category-algerie","category-sport"],"_links":{"self":[{"href":"https:\/\/linitiative.ca\/International\/wp-json\/wp\/v2\/posts\/101627","targetHints":{"allow":["GET"]}}],"collection":[{"href":"https:\/\/linitiative.ca\/International\/wp-json\/wp\/v2\/posts"}],"about":[{"href":"https:\/\/linitiative.ca\/International\/wp-json\/wp\/v2\/types\/post"}],"author":[{"embeddable":true,"href":"https:\/\/linitiative.ca\/International\/wp-json\/wp\/v2\/users\/1790"}],"replies":[{"embeddable":true,"href":"https:\/\/linitiative.ca\/International\/wp-json\/wp\/v2\/comments?post=101627"}],"version-history":[{"count":0,"href":"https:\/\/linitiative.ca\/International\/wp-json\/wp\/v2\/posts\/101627\/revisions"}],"wp:attachment":[{"href":"https:\/\/linitiative.ca\/International\/wp-json\/wp\/v2\/media?parent=101627"}],"wp:term":[{"taxonomy":"category","embeddable":true,"href":"https:\/\/linitiative.ca\/International\/wp-json\/wp\/v2\/categories?post=101627"},{"taxonomy":"post_tag","embeddable":true,"href":"https:\/\/linitiative.ca\/International\/wp-json\/wp\/v2\/tags?post=101627"}],"curies":[{"name":"wp","href":"https:\/\/api.w.org\/{rel}","templated":true}]}}