{"id":101629,"date":"2020-10-13T14:45:01","date_gmt":"2020-10-13T18:45:01","guid":{"rendered":"https:\/\/linitiative.ca\/International\/110988-judo-paralympiques-2021-les-athletes-algeriens-en-stage-a-alger\/"},"modified":"2020-10-13T14:45:01","modified_gmt":"2020-10-13T18:45:01","slug":"110988-judo-paralympiques-2021-les-athletes-algeriens-en-stage-a-alger","status":"publish","type":"post","link":"https:\/\/linitiative.ca\/International\/110988-judo-paralympiques-2021-les-athletes-algeriens-en-stage-a-alger\/","title":{"rendered":"Judo\/Paralympiques-2021: les athl\u00e8tes alg\u00e9riens en stage \u00e0 Alger"},"content":{"rendered":"<div readability=\"40\">\n<p><strong>ALGER &#8211; Une s\u00e9lection de sept (07) athl\u00e8tes de la s\u00e9lection alg\u00e9rienne de judo handisport, susceptibles de se qualifier aux Jeux paralympiques de Tokyo (24 ao\u00fbt-9 septembre 2021), a entam\u00e9, lundi un regroupement au Centre national de regroupement et pr\u00e9paration des talents et des \u00e9lites sportifs \u00e0 Souidania, \u00a0a-t-on appris, mardi aupr\u00e8s de la direction des \u00e9quipes nationales (DEN).<\/strong><\/p>\n<\/div>\n<div readability=\"71.831728756802\">\n<p>\u00ab\u00a0Ce stage d&rsquo;une semaine (12-19 octobre) a \u00e9t\u00e9 rendu possible apr\u00e8s les diff\u00e9rents tests m\u00e9dicaux effectu\u00e9s par les athl\u00e8tes et staffs techniques, mais surtout celui du d\u00e9pistage du coronavirus (Covid-19) de type PCR. C&rsquo;est un premier stage post-confinement et une prise de contact entre les athl\u00e8tes et leurs entraineurs nationaux, apr\u00e8s l&rsquo;arr\u00eat tr\u00e8s lourd de presque six mois, en raison de la pand\u00e9mie du coronavirus\u00a0\u00bb, a indiqu\u00e9 \u00e0 l&rsquo;APS le DEN, Mohamed Miloudi, assurant que le stage se d\u00e9roulera avec l&rsquo;application stricte du protocole sanitaire d&rsquo;usage.<\/p>\n<blockquote readability=\"15\">\n<p><em><strong>Il s&rsquo;agit des athl\u00e8tes: Abdellaoui Ch\u00e9rine (B3), Ishak Ould kouider (B2), Sid Ali Lamri (B3), Abderrahmane Chetouane (B1), Hamza Harkat (B3), et les athl\u00e8tes partenaires, Mouloud Moula (B3) et Abderrahmane Ouldbrahim (B3), qui seront encadr\u00e9s par l&rsquo;entraineur national Lahouari Nadir Belarbi et son adjoint Messaoud Nine.<\/strong><\/em><\/p>\n<\/blockquote>\n<p>Les athl\u00e8tes de l&rsquo;\u00e9lite pr\u00e9parent les prochaines \u00e9ch\u00e9ances dont les qualifications aux Jeux paralympiques 2021 de Tokyo, dont le lieu et la date n&rsquo;ont pas encore \u00e9t\u00e9 arr\u00eat\u00e9s par le Comit\u00e9 Paralympique international (IPC).<\/p>\n<hr\/>\n<h3>Lire aussi:\u00a0<a href=\"http:\/\/www.aps.dz\/sport\/110366-judo-la-saison-sportive-2019-2020-cloturee-a-cause-de-la-covid-19\" target=\"_blank\" rel=\"noopener noreferrer\">Judo : la saison sportive 2019-2020 cl\u00f4tur\u00e9e \u00e0 cause de la Covid-19<\/a><\/h3>\n<hr\/>\n<p>Conform\u00e9ment aux recommandations du minist\u00e8re de la Jeunesse et des Sports, en collaboration avec le Comit\u00e9 scientifique de suivi de la pand\u00e9mie de coronavirus et le Centre national de m\u00e9decine du sport (CNMS), la FAH a programm\u00e9 des regroupements de pr\u00e9paration \u00e0 Alger.<\/p>\n<blockquote readability=\"11\">\n<p><em><strong>Le MJS avait autoris\u00e9 en juillet dernier, les athl\u00e8tes alg\u00e9riens \u00ab\u00a0qualifi\u00e9s et qualifiables\u00a0\u00bb pour les prochains Jeux paralympiques (JP-2020) de Tokyo, report\u00e9s \u00e0 2021 en raison de la pand\u00e9mie de nouveau coronavirus (Covid-19), \u00e0 reprendre les entra\u00eenements \u00ab\u00a0avec le strict respect des mesures de protection\u00a0\u00bb.<\/strong><\/em><\/p>\n<\/blockquote>\n<p>Pour les athl\u00e8tes des autres disciplines, surtout individuelles, qualifi\u00e9s et qualifiables aux joutes paralympiques, la reprise individualis\u00e9e a \u00e9t\u00e9 entam\u00e9e dans les lieux choisis par les entraineurs et les athl\u00e8tes et apr\u00e8s avoir effectue les examens m\u00e9dicaux au niveau du Centre national de la m\u00e9decine du sport (Alger), alors que pour les s\u00e9lections de handi-basket et goal-ball (messieurs et dames), qualifi\u00e9es au rendez-vous nippon elle devrait se faire, prochainement, apr\u00e8s la d\u00e9sinfection des lieux d&rsquo;entrainement (salles) et d&rsquo;h\u00e9bergement des \u00e9quipes.<\/p>\n<\/div>\n<p>Auteur:<br \/>\n<a href=\"http:\/\/www.aps.dz\/sport\/110988-judo-paralympiques-2021-les-athletes-algeriens-en-stage-a-alger?utm_source=feedburner&#038;utm_medium=feed&#038;utm_campaign=Feed%3A+aps-sport+%28APS+-+SPORT%29\">Cliquez ici pour lire l&rsquo;article depuis sa source.<\/a><\/p>\n","protected":false},"excerpt":{"rendered":"<p>ALGER &#8211; Une s\u00e9lection de sept (07) athl\u00e8tes de la s\u00e9lection alg\u00e9rienne de judo handisport, susceptibles de se qualifier aux Jeux paralympiques de Tokyo (24 ao\u00fbt-9 septembre 2021), a entam\u00e9, lundi un regroupement au Centre national de regroupement et pr\u00e9paration des talents et des \u00e9lites sportifs \u00e0 Souidania, \u00a0a-t-on appris, mardi aupr\u00e8s de la direction [&hellip;]<\/p>\n","protected":false},"author":1790,"featured_media":0,"comment_status":"closed","ping_status":"closed","sticky":false,"template":"","format":"standard","meta":{"fifu_image_url":"","fifu_image_alt":"","footnotes":""},"categories":[53,75],"tags":[],"class_list":["post-101629","post","type-post","status-publish","format-standard","hentry","category-algerie","category-sport"],"_links":{"self":[{"href":"https:\/\/linitiative.ca\/International\/wp-json\/wp\/v2\/posts\/101629","targetHints":{"allow":["GET"]}}],"collection":[{"href":"https:\/\/linitiative.ca\/International\/wp-json\/wp\/v2\/posts"}],"about":[{"href":"https:\/\/linitiative.ca\/International\/wp-json\/wp\/v2\/types\/post"}],"author":[{"embeddable":true,"href":"https:\/\/linitiative.ca\/International\/wp-json\/wp\/v2\/users\/1790"}],"replies":[{"embeddable":true,"href":"https:\/\/linitiative.ca\/International\/wp-json\/wp\/v2\/comments?post=101629"}],"version-history":[{"count":0,"href":"https:\/\/linitiative.ca\/International\/wp-json\/wp\/v2\/posts\/101629\/revisions"}],"wp:attachment":[{"href":"https:\/\/linitiative.ca\/International\/wp-json\/wp\/v2\/media?parent=101629"}],"wp:term":[{"taxonomy":"category","embeddable":true,"href":"https:\/\/linitiative.ca\/International\/wp-json\/wp\/v2\/categories?post=101629"},{"taxonomy":"post_tag","embeddable":true,"href":"https:\/\/linitiative.ca\/International\/wp-json\/wp\/v2\/tags?post=101629"}],"curies":[{"name":"wp","href":"https:\/\/api.w.org\/{rel}","templated":true}]}}