{"id":101630,"date":"2020-10-13T11:28:00","date_gmt":"2020-10-13T15:28:00","guid":{"rendered":"https:\/\/linitiative.ca\/International\/le-ffs-denonce-loccupation-illegale-de-son-siege\/"},"modified":"2020-10-13T11:28:00","modified_gmt":"2020-10-13T15:28:00","slug":"le-ffs-denonce-loccupation-illegale-de-son-siege","status":"publish","type":"post","link":"https:\/\/linitiative.ca\/International\/le-ffs-denonce-loccupation-illegale-de-son-siege\/","title":{"rendered":"Le FFS d\u00e9nonce \u00ab\u00a0l\u2019occupation ill\u00e9gale\u00a0\u00bb de son si\u00e8ge"},"content":{"rendered":"<p><br id=\"sep_para_1\" class=\"sep_para access\"\/><\/p>\n<div id=\"para_1\" class=\"para_38996644 resize\">\n<div class=\"texte access firstletter\">Malgr\u00e9 son\u00a0 r\u00e9cent\u00a0 congr\u00e8s extraordinaire qui a d\u00e9bouch\u00e9 sur l\u2019\u00e9mergence d&rsquo;une nouvelle direction, le FFS n\u2019en a visiblement pas fini avec les turbulences internes. Signe de cette crise interne, l\u2019occupation\u00a0 ill\u00e9gale du si\u00e8ge national par un membre de l&rsquo;ancienne direction, comme l\u2019atteste le communiqu\u00e9 du parti rendu public pour expliquer \u00e0 l\u2019opinion publique que \u00ab\u00a0 Belkacem Benameur, ne repr\u00e9sente nullement le Front des Forces Socialistes. \u00bb et que \u00ab ce dernier, qui orchestre actuellement l\u2019occupation ill\u00e9gale du si\u00e8ge du FFS, sis au 56 avenue Souidani Boudjema, agit en violation des textes du parti et de la loi. \u00bb Tout en informant qu\u2019 \u00abUne proc\u00e9dure disciplinaire est en cours contre cette personne, ainsi qu\u2019une proc\u00e9dure en justice pour occupation ill\u00e9gale du si\u00e8ge et usurpation de fonction \u00bb, le FFS\u00a0 rappelle que \u00ab depuis le congr\u00e8s extraordinaire du FFS, tenu les 09 et 10 juillet dernier, les instances l\u00e9gales du FFS, au regard des textes du parti et de la loi, sont l\u2019Instance Pr\u00e9sidentielle \u00e9lue, ainsi que les instances d\u00e9sign\u00e9es, ou \u00e9lues, \u00e0 la suite du Congr\u00e8s extraordinaire. \u00bb<\/div>\n<\/div>\n<p>Auteur: R\u00e9flexion<br \/>\n<a href=\"https:\/\/www.reflexiondz.net\/Le-FFS-denonce-l-occupation-illegale-de-son-siege_a65766.html\">Cliquez ici pour lire l&rsquo;article depuis sa source.<\/a><\/p>\n","protected":false},"excerpt":{"rendered":"<p>Malgr\u00e9 son\u00a0 r\u00e9cent\u00a0 congr\u00e8s extraordinaire qui a d\u00e9bouch\u00e9 sur l\u2019\u00e9mergence d&rsquo;une nouvelle direction, le FFS n\u2019en a visiblement pas fini avec les turbulences internes. Signe de cette crise interne, l\u2019occupation\u00a0 ill\u00e9gale du si\u00e8ge national par un membre de l&rsquo;ancienne direction, comme l\u2019atteste le communiqu\u00e9 du parti rendu public pour expliquer \u00e0 l\u2019opinion publique que \u00ab\u00a0 [&hellip;]<\/p>\n","protected":false},"author":1740,"featured_media":0,"comment_status":"closed","ping_status":"closed","sticky":false,"template":"","format":"standard","meta":{"fifu_image_url":"","fifu_image_alt":"","footnotes":""},"categories":[53,76],"tags":[],"class_list":["post-101630","post","type-post","status-publish","format-standard","hentry","category-algerie","category-regions"],"_links":{"self":[{"href":"https:\/\/linitiative.ca\/International\/wp-json\/wp\/v2\/posts\/101630","targetHints":{"allow":["GET"]}}],"collection":[{"href":"https:\/\/linitiative.ca\/International\/wp-json\/wp\/v2\/posts"}],"about":[{"href":"https:\/\/linitiative.ca\/International\/wp-json\/wp\/v2\/types\/post"}],"author":[{"embeddable":true,"href":"https:\/\/linitiative.ca\/International\/wp-json\/wp\/v2\/users\/1740"}],"replies":[{"embeddable":true,"href":"https:\/\/linitiative.ca\/International\/wp-json\/wp\/v2\/comments?post=101630"}],"version-history":[{"count":0,"href":"https:\/\/linitiative.ca\/International\/wp-json\/wp\/v2\/posts\/101630\/revisions"}],"wp:attachment":[{"href":"https:\/\/linitiative.ca\/International\/wp-json\/wp\/v2\/media?parent=101630"}],"wp:term":[{"taxonomy":"category","embeddable":true,"href":"https:\/\/linitiative.ca\/International\/wp-json\/wp\/v2\/categories?post=101630"},{"taxonomy":"post_tag","embeddable":true,"href":"https:\/\/linitiative.ca\/International\/wp-json\/wp\/v2\/tags?post=101630"}],"curies":[{"name":"wp","href":"https:\/\/api.w.org\/{rel}","templated":true}]}}