{"id":101632,"date":"2020-10-13T11:28:00","date_gmt":"2020-10-13T15:28:00","guid":{"rendered":"https:\/\/linitiative.ca\/International\/arzew-oran-les-proches-de-harraga-demandent-des-nouvelles-de-leurs-enfants\/"},"modified":"2020-10-13T11:28:00","modified_gmt":"2020-10-13T15:28:00","slug":"arzew-oran-les-proches-de-harraga-demandent-des-nouvelles-de-leurs-enfants","status":"publish","type":"post","link":"https:\/\/linitiative.ca\/International\/arzew-oran-les-proches-de-harraga-demandent-des-nouvelles-de-leurs-enfants\/","title":{"rendered":"ARZEW (ORAN) : Les proches de harraga demandent des nouvelles  de leurs enfants"},"content":{"rendered":"<p><br id=\"sep_para_1\" class=\"sep_para access\"\/><\/p>\n<div id=\"para_1\" class=\"para_38996560 resize\">\n<div class=\"texte access firstletter\">Selon une vid\u00e9o diffus\u00e9e dans les r\u00e9seaux sociaux ,une dizaine de jeunes ch\u00f4meurs de la ville d&rsquo;Arzew,\u00a0 v\u00eatus de gilet de sauvetage ont embarqu\u00e9 clandestinement \u00e0 partir\u00a0 des plages de\u00a0 la c\u00f4te d&rsquo;Arzew \u00e0 bord\u00a0\u00a0 d&rsquo;une barque puissante. La vid\u00e9o\u00a0 en question a \u00e9t\u00e9 vue\u00a0 par les familles des harraga ce qui a\u00a0 provoqu\u00e9 un mouvement de panique notamment les parents et amis qui sont depuis dans la tourmente et ne savent plus s&rsquo;ils sont morts ou vivants. Ces derniers ont lanc\u00e9 des alertes dans les r\u00e9seaux sociaux pour demander des nouvelles de leurs jeunes gar\u00e7ons qui ont d\u00e9barqu\u00e9 clandestinement \u00e0 partir des plages de la corniche Arzewienne. Actuellement aucune information n&rsquo;est parvenue aux autorit\u00e9s locales, ni encore moins \u00e0 leurs proches qui sont dans l&rsquo;attente d&rsquo;une suite notamment un appel t\u00e9l\u00e9phonique s&rsquo;ils sont arriv\u00e9s\u00a0 oui ou non \u00e0 Almeria. Il est \u00e0 signaler que depuis deux semaines, des jeunes harraga d&rsquo;Arzew et des wilayas limitrophes ont regagn\u00e9 la c\u00f4te d&rsquo;Almeria \u00e0 bord d&rsquo;une embarcation de fortune et ont confirm\u00e9 leur arriv\u00e9e au sol du royaume d&rsquo;Espagne. Ils\u00a0 ont abandonn\u00e9 leur barque au port d&rsquo;Almeria d\u00e8s leur descente\u00a0 pour ne pas attirer l&rsquo;attention des policiers\u00a0 de la Guardia civile du royaume d&rsquo;Espagne.\u00a0\u00a0\u00a0\u00a0\u00a0\u00a0\u00a0\u00a0\u00a0\u00a0\u00a0\u00a0\u00a0\u00a0\u00a0<\/div>\n<\/div>\n<p>Auteur: Medjadji H.<br \/>\n<a href=\"https:\/\/www.reflexiondz.net\/ARZEW-ORAN-Les-proches-de-harraga-demandent-des-nouvelles-de-leurs-enfants_a65750.html\">Cliquez ici pour lire l&rsquo;article depuis sa source.<\/a><\/p>\n","protected":false},"excerpt":{"rendered":"<p>Selon une vid\u00e9o diffus\u00e9e dans les r\u00e9seaux sociaux ,une dizaine de jeunes ch\u00f4meurs de la ville d&rsquo;Arzew,\u00a0 v\u00eatus de gilet de sauvetage ont embarqu\u00e9 clandestinement \u00e0 partir\u00a0 des plages de\u00a0 la c\u00f4te d&rsquo;Arzew \u00e0 bord\u00a0\u00a0 d&rsquo;une barque puissante. La vid\u00e9o\u00a0 en question a \u00e9t\u00e9 vue\u00a0 par les familles des harraga ce qui a\u00a0 provoqu\u00e9 un [&hellip;]<\/p>\n","protected":false},"author":1740,"featured_media":0,"comment_status":"closed","ping_status":"closed","sticky":false,"template":"","format":"standard","meta":{"fifu_image_url":"","fifu_image_alt":"","footnotes":""},"categories":[53,76],"tags":[],"class_list":["post-101632","post","type-post","status-publish","format-standard","hentry","category-algerie","category-regions"],"_links":{"self":[{"href":"https:\/\/linitiative.ca\/International\/wp-json\/wp\/v2\/posts\/101632","targetHints":{"allow":["GET"]}}],"collection":[{"href":"https:\/\/linitiative.ca\/International\/wp-json\/wp\/v2\/posts"}],"about":[{"href":"https:\/\/linitiative.ca\/International\/wp-json\/wp\/v2\/types\/post"}],"author":[{"embeddable":true,"href":"https:\/\/linitiative.ca\/International\/wp-json\/wp\/v2\/users\/1740"}],"replies":[{"embeddable":true,"href":"https:\/\/linitiative.ca\/International\/wp-json\/wp\/v2\/comments?post=101632"}],"version-history":[{"count":0,"href":"https:\/\/linitiative.ca\/International\/wp-json\/wp\/v2\/posts\/101632\/revisions"}],"wp:attachment":[{"href":"https:\/\/linitiative.ca\/International\/wp-json\/wp\/v2\/media?parent=101632"}],"wp:term":[{"taxonomy":"category","embeddable":true,"href":"https:\/\/linitiative.ca\/International\/wp-json\/wp\/v2\/categories?post=101632"},{"taxonomy":"post_tag","embeddable":true,"href":"https:\/\/linitiative.ca\/International\/wp-json\/wp\/v2\/tags?post=101632"}],"curies":[{"name":"wp","href":"https:\/\/api.w.org\/{rel}","templated":true}]}}