{"id":101633,"date":"2020-10-13T11:28:00","date_gmt":"2020-10-13T15:28:00","guid":{"rendered":"https:\/\/linitiative.ca\/International\/mostaganem-hausse-des-prix-de-certains-produits-alimentaires\/"},"modified":"2020-10-13T11:28:00","modified_gmt":"2020-10-13T15:28:00","slug":"mostaganem-hausse-des-prix-de-certains-produits-alimentaires","status":"publish","type":"post","link":"https:\/\/linitiative.ca\/International\/mostaganem-hausse-des-prix-de-certains-produits-alimentaires\/","title":{"rendered":"MOSTAGANEM : Hausse des prix de certains produits alimentaires"},"content":{"rendered":"<p><br id=\"sep_para_1\" class=\"sep_para access\"\/><\/p>\n<div id=\"para_1\" class=\"para_38996579 resize\">\n<div class=\"photo shadow left\"><a href=\"javascript:void(0)\" rel=\"https:\/\/www.reflexiondz.net\/photo\/art\/grande\/50560955-38996579.jpg?v=1602604877&amp;ibox\" title=\"MOSTAGANEM : Hausse des prix de certains produits alimentaires\"><img decoding=\"async\" class=\"responsive c9\" src=\"https:\/\/www.reflexiondz.net\/photo\/art\/grande\/50560955-38996579.jpg?v=1602604877\" alt=\"MOSTAGANEM : Hausse des prix de certains produits alimentaires\" title=\"MOSTAGANEM : Hausse des prix de certains produits alimentaires\"\/><img decoding=\"async\" class=\"not-responsive\" src=\"https:\/\/www.reflexiondz.net\/photo\/art\/default\/50560955-38996579.jpg?v=1602604879\" alt=\"MOSTAGANEM : Hausse des prix de certains produits alimentaires\" title=\"MOSTAGANEM : Hausse des prix de certains produits alimentaires\"\/><\/a><\/div>\n<div class=\"texte access firstletter\">Alors que certains attribuaient la raison de l\u2019augmentation des prix \u00e0 l\u2019effondrement de la valeur du dinar ces jours-ci et aux frais impos\u00e9s aux importateurs, la F\u00e9d\u00e9ration de protection des consommateurs a mis en garde contre le fait de profiter de la pr\u00e9occupation pour la campagne r\u00e9f\u00e9rendaire et du manque d\u2019explications convaincantes de la part des autorit\u00e9s comp\u00e9tentes sur les hausses de prix dans certaines denr\u00e9es alimentaires non sp\u00e9culatives et l\u2019\u00e9puisement des poches des citoyens alg\u00e9riens. Aux superettes et aux\u00a0 magasins de produits alimentaires destin\u00e9s \u00e0 la vente au d\u00e9tail, les propri\u00e9taires ont confirm\u00e9 avoir modifi\u00e9 la liste de prix de nombreux produits, dont les plus importants, comme le lait et les p\u00e2tes, l\u2019huile, la confiture, le caf\u00e9, les produits de nettoyage et les \u0153ufs. Ces augmentations varient selon les commer\u00e7ants entre 5 Dinars et 30 Dinars, ce qui a provoqu\u00e9 un m\u00e9contentement g\u00e9n\u00e9ralis\u00e9 parmi les citoyens, dont certains ont d\u00e9cid\u00e9 de boycotter certains biens de consommation, qui ont connu une augmentation de 10%. Quant aux denr\u00e9es alimentaires qui ont r\u00e9cemment connu une hausse des prix, les p\u00e2tes arrivent en t\u00eate avec des incr\u00e9ments allant de 5 \u00e0 10 DA, le lait pour b\u00e9b\u00e9 de 30 DA, et les cartons de lait d\u2019une capacit\u00e9 d\u2019un litre, qui ont augment\u00e9 de 10 DA, et les augmentations ont \u00e9galement inclus, le caf\u00e9 de 5 DA et les bouteilles d\u2019huile d\u2019une capacit\u00e9\u00a0 \u00ab\u00a0 2 litres et 5 litres \u00bb de 10 et 15 dinars, et les bo\u00eetes de confiture de toutes sortes ont augment\u00e9 de 10 dinars, et divers produits de nettoyage ont augment\u00e9 de 10 \u00e0 20 dinars.<\/div>\n<\/div>\n<p>Auteur: Smain<br \/>\n<a href=\"https:\/\/www.reflexiondz.net\/MOSTAGANEM-Hausse-des-prix-de-certains-produits-alimentaires_a65753.html\">Cliquez ici pour lire l&rsquo;article depuis sa source.<\/a><\/p>\n","protected":false},"excerpt":{"rendered":"<p>Alors que certains attribuaient la raison de l\u2019augmentation des prix \u00e0 l\u2019effondrement de la valeur du dinar ces jours-ci et aux frais impos\u00e9s aux importateurs, la F\u00e9d\u00e9ration de protection des consommateurs a mis en garde contre le fait de profiter de la pr\u00e9occupation pour la campagne r\u00e9f\u00e9rendaire et du manque d\u2019explications convaincantes de la part [&hellip;]<\/p>\n","protected":false},"author":1740,"featured_media":0,"comment_status":"closed","ping_status":"closed","sticky":false,"template":"","format":"standard","meta":{"fifu_image_url":"","fifu_image_alt":"","footnotes":""},"categories":[53,76],"tags":[],"class_list":["post-101633","post","type-post","status-publish","format-standard","hentry","category-algerie","category-regions"],"_links":{"self":[{"href":"https:\/\/linitiative.ca\/International\/wp-json\/wp\/v2\/posts\/101633","targetHints":{"allow":["GET"]}}],"collection":[{"href":"https:\/\/linitiative.ca\/International\/wp-json\/wp\/v2\/posts"}],"about":[{"href":"https:\/\/linitiative.ca\/International\/wp-json\/wp\/v2\/types\/post"}],"author":[{"embeddable":true,"href":"https:\/\/linitiative.ca\/International\/wp-json\/wp\/v2\/users\/1740"}],"replies":[{"embeddable":true,"href":"https:\/\/linitiative.ca\/International\/wp-json\/wp\/v2\/comments?post=101633"}],"version-history":[{"count":0,"href":"https:\/\/linitiative.ca\/International\/wp-json\/wp\/v2\/posts\/101633\/revisions"}],"wp:attachment":[{"href":"https:\/\/linitiative.ca\/International\/wp-json\/wp\/v2\/media?parent=101633"}],"wp:term":[{"taxonomy":"category","embeddable":true,"href":"https:\/\/linitiative.ca\/International\/wp-json\/wp\/v2\/categories?post=101633"},{"taxonomy":"post_tag","embeddable":true,"href":"https:\/\/linitiative.ca\/International\/wp-json\/wp\/v2\/tags?post=101633"}],"curies":[{"name":"wp","href":"https:\/\/api.w.org\/{rel}","templated":true}]}}