{"id":101634,"date":"2020-10-13T06:42:00","date_gmt":"2020-10-13T10:42:00","guid":{"rendered":"https:\/\/linitiative.ca\/International\/docteur-mokhtar-zbiba-un-batisseur-de-la-sante-nous-quitte\/"},"modified":"2020-10-13T06:42:00","modified_gmt":"2020-10-13T10:42:00","slug":"docteur-mokhtar-zbiba-un-batisseur-de-la-sante-nous-quitte","status":"publish","type":"post","link":"https:\/\/linitiative.ca\/International\/docteur-mokhtar-zbiba-un-batisseur-de-la-sante-nous-quitte\/","title":{"rendered":"Docteur Mokhtar Zbiba: Un b\u00e2tisseur de la sant\u00e9 nous quitte"},"content":{"rendered":"<p class=\"c3\"><span class=\"c2\"><em><strong>Par Pr Mohamed Ridha Charfi &#8211;<\/strong><\/em><\/span> <strong>M\u00e9decin, pneumologue, longtemps directeur de la sant\u00e9 au minist\u00e8re de l\u2019Int\u00e9rieur, Dr Mokhtar Zbiba s\u2019est \u00e9teint le 5 septembre. Le hasard voudra qu\u2019il rende l\u2019\u00e2me \u00e0 l\u2019h\u00f4pital des Forces de s\u00e9curit\u00e9 interne \u00e0 La Marsa, ce m\u00eame h\u00f4pital dont il avait port\u00e9 lui-m\u00eame le projet, et \u0153uvr\u00e9 \u00e0 l\u2019implantation&#8230;<\/strong><\/p>\n<p>Quand je l\u2019ai rencontr\u00e9 la premi\u00e8re fois lors du congr\u00e8s national de pneumologie en f\u00e9vrier 1992, Docteur Mokhtar Zbiba venait de faire d\u00e9marrer l\u2019h\u00f4pital des Forces de s\u00e9curit\u00e9 int\u00e9rieure de La Marsa six mois avant, le 25 juillet 1991. A cette \u00e9poque, je venais de rentrer de mon stage \u00e0 Paris. Il m\u2019avait propos\u00e9 d\u2018int\u00e9grer la jeune \u00e9quipe m\u00e9dicale et m\u2019avait invit\u00e9 \u00e0 visiter l\u2019h\u00f4pital pour me convaincre. Lors de ma visite, j\u2019\u00e9tais \u00e9bahi par la qualit\u00e9 de l\u2019\u00e9tablissement et son haut standing qui n\u2019avait rien \u00e0 envier \u00e0 un h\u00f4pital parisien, pourtant construit autour d\u2019une ancienne r\u00e9sidence beylicale retap\u00e9e. Malgr\u00e9 la qualit\u00e9 et l\u2019\u00e9quipement moderne du nouvel h\u00f4pital, j\u2019\u00e9tais g\u00ean\u00e9 d\u2019accepter l\u2019offre, \u00e9tant donn\u00e9 qu\u2019il n\u2019\u00e9tait pas universitaire et ceci ne r\u00e9pondait pas \u00e0 mes aspirations de faire une carri\u00e8re universitaire, tr\u00e8s ch\u00e8re \u00e0 ma g\u00e9n\u00e9ration. Si Mokhtar, avec un regard \u00e0 la fois confiant et d\u00e9termin\u00e9, m\u2019avait assur\u00e9 que l\u2019h\u00f4pital aurait un caract\u00e8re universitaire dans quelques mois, et c\u2019\u00e9tait fait un an apr\u00e8s.<\/p>\n<p class=\"c4\"><img decoding=\"async\" src=\"\/uploads\/FCK_files\/Dr-Zbiba-Mokhtar.jpg\" alt=\"\" width=\"100%\" vspace=\"5\" hspace=\"5\" align=\"middle\"\/><\/p>\n<p>Docteur Mokhtar Zbiba \u00e9tait un vrai b\u00e2tisseur. Quand il avait int\u00e9gr\u00e9 le minist\u00e8re de l\u2019Int\u00e9rieur, il avait toute une vision sur ce que devait \u00eatre la sant\u00e9 dans ce d\u00e9partement. Alors qu\u2019il n\u2019y avait \u00e0 l\u2019\u00e9poque que quelques structures sanitaires dans le Grand Tunis, Mokhtar Zbiba avait cr\u00e9\u00e9 tout un r\u00e9seau de polycliniques et de dispensaires sur tout le territoire tunisien d\u00e9di\u00e9 aux forces de l\u2019ordre. Pendant des ann\u00e9es, il faisait le tour du pays pour faciliter l\u2019implantation de ses structures. Il avait toujours le bon argument pour convaincre les autorit\u00e9s centrales et r\u00e9gionales de l\u2019int\u00e9r\u00eat de son projet. Gr\u00e2ce \u00e0 sa d\u00e9termination, tout le r\u00e9seau sanitaire a vu le jour.<\/p>\n<p>Le fleuron de ses r\u00e9alisations reste l\u2019h\u00f4pital des FSI qu\u2019il a pu transformer au bout de quelques ann\u00e9es en un centre hospitalo-universitaire compos\u00e9 d\u2019une quinzaine de services majoritairement universitaires et qui s\u2019est rapidement forg\u00e9 une bonne r\u00e9putation et s\u2019est impos\u00e9 comme un \u00e9l\u00e9ment essentiel du paysage hospitalo-universitaire du Grand Tunis et de tout le pays. Docteur Mokhtar Zbiba \u00e9tait fier du caract\u00e8re universitaire de l\u2019h\u00f4pital parce qu\u2019il \u00e9tait convaincu que ceci garantirait la qualit\u00e9 des soins.<\/p>\n<p class=\"c4\"><img decoding=\"async\" src=\"\/uploads\/FCK_files\/Zbiba-Magdiche.jpg\" alt=\"\" width=\"100%\" vspace=\"5\" hspace=\"5\" align=\"middle\"\/><\/p>\n<p>Bien avant sa brillante carri\u00e8re au minist\u00e8re de l\u2019Int\u00e9rieur, le premier amour de Si Mokhtar \u00e9tait le sud tunisien et particuli\u00e8rement la r\u00e9gion de M\u00e9denine. Apr\u00e8s avoir termin\u00e9 sa formation et obtenu son dipl\u00f4me de pneumologue, l\u2019enfant de Bekalta, au c\u0153ur du Sahel, avait choisi de s\u2019installer \u00e0 M\u00e9denine \u00e0 la fin des ann\u00e9es 70 avec sa femme, H\u00e9dia Belhadj, ophtalmologiste.<\/p>\n<p>Le couple Zbiba avait rendu d\u2019\u00e9normes services \u00e0 tout le sud tunisien pendant plus de sept ans. L\u2019amour de cette r\u00e9gion et de sa population qui l\u2019a toujours habit\u00e9 l\u2019avait pouss\u00e9 \u00e0 revenir s\u2019installer \u00e0 M\u00e9denine apr\u00e8s sa retraite. Seule la maladie l\u2019avait oblig\u00e9 \u00e0 retourner d\u00e9finitivement \u00e0 Tunis. Son int\u00e9r\u00eat pour les r\u00e9gions d\u00e9favoris\u00e9es lui avait donn\u00e9 l\u2019id\u00e9e d\u2019organiser des caravanes de sant\u00e9 dans toutes les r\u00e9gions de l\u2019int\u00e9rieur du pays au d\u00e9but des ann\u00e9es 90 bien avant que le minist\u00e8re de la Sant\u00e9 et le RCD ne d\u00e9cident de s\u2019approprier cette action sociale.<\/p>\n<p class=\"c4\"><img decoding=\"async\" src=\"\/uploads\/FCK_files\/these-de-doctorat.jpg\" alt=\"\" width=\"100%\" vspace=\"5\" hspace=\"5\" align=\"middle\"\/><\/p>\n<p>Avec son d\u00e9part, la Tunisie perd un homme patriote et un b\u00e2tisseur hors normes. Ses amis et sa famille perdent en lui un homme humble, serviable qui respirait la joie de vivre. Paix \u00e0 son \u00e2me.<\/p>\n<p class=\"c6\"><strong>Pr Mohamed Ridha Charfi<\/strong><br \/><span class=\"c5\"><em>Pr\u00e9sident de la Soci\u00e9t\u00e9 tunisienne des sciences m\u00e9dicales<\/em><\/span><\/p>\n<p>Auteur:<br \/>\n<a href=\"https:\/\/www.leaders.com.tn\/article\/30724-docteur-mokhtar-zbiba-un-batisseur-de-la-sante-nous-quitte\">Cliquez ici pour lire l&rsquo;article depuis sa source.<\/a><\/p>\n","protected":false},"excerpt":{"rendered":"<p>Par Pr Mohamed Ridha Charfi &#8211; M\u00e9decin, pneumologue, longtemps directeur de la sant\u00e9 au minist\u00e8re de l\u2019Int\u00e9rieur, Dr Mokhtar Zbiba s\u2019est \u00e9teint le 5 septembre. Le hasard voudra qu\u2019il rende l\u2019\u00e2me \u00e0 l\u2019h\u00f4pital des Forces de s\u00e9curit\u00e9 interne \u00e0 La Marsa, ce m\u00eame h\u00f4pital dont il avait port\u00e9 lui-m\u00eame le projet, et \u0153uvr\u00e9 \u00e0 l\u2019implantation&#8230; [&hellip;]<\/p>\n","protected":false},"author":1772,"featured_media":101635,"comment_status":"closed","ping_status":"closed","sticky":false,"template":"","format":"standard","meta":{"fifu_image_url":"","fifu_image_alt":"","footnotes":""},"categories":[73,55],"tags":[],"class_list":["post-101634","post","type-post","status-publish","format-standard","has-post-thumbnail","hentry","category-actualite","category-tunisie"],"_links":{"self":[{"href":"https:\/\/linitiative.ca\/International\/wp-json\/wp\/v2\/posts\/101634","targetHints":{"allow":["GET"]}}],"collection":[{"href":"https:\/\/linitiative.ca\/International\/wp-json\/wp\/v2\/posts"}],"about":[{"href":"https:\/\/linitiative.ca\/International\/wp-json\/wp\/v2\/types\/post"}],"author":[{"embeddable":true,"href":"https:\/\/linitiative.ca\/International\/wp-json\/wp\/v2\/users\/1772"}],"replies":[{"embeddable":true,"href":"https:\/\/linitiative.ca\/International\/wp-json\/wp\/v2\/comments?post=101634"}],"version-history":[{"count":0,"href":"https:\/\/linitiative.ca\/International\/wp-json\/wp\/v2\/posts\/101634\/revisions"}],"wp:featuredmedia":[{"embeddable":true,"href":"https:\/\/linitiative.ca\/International\/wp-json\/"}],"wp:attachment":[{"href":"https:\/\/linitiative.ca\/International\/wp-json\/wp\/v2\/media?parent=101634"}],"wp:term":[{"taxonomy":"category","embeddable":true,"href":"https:\/\/linitiative.ca\/International\/wp-json\/wp\/v2\/categories?post=101634"},{"taxonomy":"post_tag","embeddable":true,"href":"https:\/\/linitiative.ca\/International\/wp-json\/wp\/v2\/tags?post=101634"}],"curies":[{"name":"wp","href":"https:\/\/api.w.org\/{rel}","templated":true}]}}