{"id":101636,"date":"2020-10-13T10:16:00","date_gmt":"2020-10-13T14:16:00","guid":{"rendered":"https:\/\/linitiative.ca\/International\/drame-de-sbeitla-mechichi-enonce-le-principe-responsables-limoges-de-suite\/"},"modified":"2020-10-13T10:16:00","modified_gmt":"2020-10-13T14:16:00","slug":"drame-de-sbeitla-mechichi-enonce-le-principe-responsables-limoges-de-suite","status":"publish","type":"post","link":"https:\/\/linitiative.ca\/International\/drame-de-sbeitla-mechichi-enonce-le-principe-responsables-limoges-de-suite\/","title":{"rendered":"Drame de Sbe\u00eftla \u2013 Mechichi \u00e9nonce le principe : responsables, limog\u00e9s de suite"},"content":{"rendered":"<p>Il y a eu mort d\u2019homme. Cela nous pouvait rester impuni\u00a0: limogeages et suspensions en s\u00e9rie\u00a0! D\u00e9samorcer une vive tension risquant de d\u00e9g\u00e9n\u00e9rer \u00e9tait aussi n\u00e9cessaire qu\u2019urgent. Verrouillant rapidement derri\u00e8re lui toute surench\u00e8re pouvant tenter certains, Hichem Mechichi a en effet promptement s\u00e9vi suite au drame survenu mardi \u00e0 l\u2019aube \u00e0 Sbe\u00eftla, co\u00fbtant la vie un p\u00e8re de famille. Agent municipal, pris dans son sommeil alors qu\u2019il gardait de l\u2019int\u00e9rieur un kiosque en cours d\u2019implantation sans autorisation, et appartenant \u00e0 l\u2019un de ses fils, ch\u00f4meur, la victime a \u00e9t\u00e9 fauch\u00e9e par un engin commis pour la d\u00e9molition de la construction inachev\u00e9e. L\u2019accident mortel a imm\u00e9diatement suscit\u00e9 \u00e9motion et indignation qui ont d\u00e9pass\u00e9 le cadre de la ville.<\/p>\n<p>Sans tarder, le chef du gouvernement a d\u00e9cid\u00e9, apr\u00e8s avoir obtenu des d\u00e9tails pr\u00e9cis sur les responsabilit\u00e9s engag\u00e9es, de limoger le gouverneur de la r\u00e9gion ainsi que le d\u00e9l\u00e9gu\u00e9 de la localit\u00e9, et de suspendre le chef de la Police, et celui de la Police municipale. Selon les premiers \u00e9l\u00e9ments obtenus, la d\u00e9cision de d\u00e9molition avait bien \u00e9t\u00e9 prise par la Municipalit\u00e9 de Sbe\u00eftla. Mais son ex\u00e9cution, exigeant le recours s\u2019il y a lieu \u00e0 la force publique, a \u00e9t\u00e9 engag\u00e9e par le gouverneur de Kasserine. Il y a commis une \u00e9quipe d\u00e9p\u00each\u00e9e du chef-lieu de la r\u00e9gion, la dotant d\u2019engins appartenant au parc du Conseil r\u00e9gional. D\u2019apr\u00e8s le Maire de Sbe\u00eftla, qui avait fait la ronde de sa commune jusqu\u2019\u00e0 minuit avec le d\u00e9l\u00e9gu\u00e9, et craignant des d\u00e9bordements et tensions, il avait vivement recommand\u00e9 au gouverneur de surseoir \u00e0 l\u2019ex\u00e9cution de cette d\u00e9molition ainsi que d\u2019autres. En vain.<\/p>\n<p>Pour Hichem Mechichi, la responsabilit\u00e9 politique du drame est imput\u00e9e \u00e0 l\u2019autorit\u00e9 r\u00e9gionale et locale, ainsi qu\u2019aux chefs de la Police et de la Police municipale. Limogeages et suspensions ont \u00e9t\u00e9 d\u00e9cid\u00e9s, et les ministres de l\u2019Int\u00e9rieur et desAffaires locales d\u00e9p\u00each\u00e9s sur place exprimer \u00e0 la famille du d\u00e9funt les condol\u00e9ances du gouvernement et lui t\u00e9moigner de sa sollicitude.<\/p>\n<p>Cette fermet\u00e9 qui contribue \u00e0 apaiser la tension traduit surtout une ligne de conduite que le chef du gouvernement entend d\u00e9sormais fixer. S\u2019affirmant \u00e0 la barre, il entend mettre tous face \u00e0 leurs responsabilit\u00e9s. Sans cependant r\u00e9pondre \u00e0 une s\u00e9rie d\u2019interrogations. Quelles r\u00e8gles appliquer pour mettre fin \u00e0 l\u2019occupation abusive de la voie publique et de son emprise, ainsi que du domaine public et maritime\u00a0? Et, d\u2019une mani\u00e8re plus large, comment faire appliquer les d\u00e9cisions de d\u00e9molition de constructions anarchiques\u00a0? Il est vrai, qu\u2019en temps de stabilit\u00e9, hors tensions sociales, la loi doit l\u2019emporter. Mais, en raison du contexte particuli\u00e8rement tendu, comme en ce moment, quelles souplesses s\u2019imposer ? Des dizaines de milliers de cas, partout en Tunisie, sont concern\u00e9s.<\/p>\n<p>Le drame de Sbe\u00eftla nous interpelle tous par la pr\u00e9carit\u00e9, le ch\u00f4mage, et le d\u00e9sespoir qu\u2019il met \u00e0 nu. Mais, aussi, les souffrances endur\u00e9es par les familles sans revenus et les jeunes sans emploi.<\/p>\n<p>Auteur:<br \/>\n<a href=\"https:\/\/www.leaders.com.tn\/article\/30726-drame-de-sbeitla-mechichi-enonce-le-principe-responsables-limoges-de-suite\">Cliquez ici pour lire l&rsquo;article depuis sa source.<\/a><\/p>\n","protected":false},"excerpt":{"rendered":"<p>Il y a eu mort d\u2019homme. Cela nous pouvait rester impuni\u00a0: limogeages et suspensions en s\u00e9rie\u00a0! D\u00e9samorcer une vive tension risquant de d\u00e9g\u00e9n\u00e9rer \u00e9tait aussi n\u00e9cessaire qu\u2019urgent. Verrouillant rapidement derri\u00e8re lui toute surench\u00e8re pouvant tenter certains, Hichem Mechichi a en effet promptement s\u00e9vi suite au drame survenu mardi \u00e0 l\u2019aube \u00e0 Sbe\u00eftla, co\u00fbtant la vie [&hellip;]<\/p>\n","protected":false},"author":1772,"featured_media":0,"comment_status":"closed","ping_status":"closed","sticky":false,"template":"","format":"standard","meta":{"fifu_image_url":"","fifu_image_alt":"","footnotes":""},"categories":[73,55],"tags":[],"class_list":["post-101636","post","type-post","status-publish","format-standard","hentry","category-actualite","category-tunisie"],"_links":{"self":[{"href":"https:\/\/linitiative.ca\/International\/wp-json\/wp\/v2\/posts\/101636","targetHints":{"allow":["GET"]}}],"collection":[{"href":"https:\/\/linitiative.ca\/International\/wp-json\/wp\/v2\/posts"}],"about":[{"href":"https:\/\/linitiative.ca\/International\/wp-json\/wp\/v2\/types\/post"}],"author":[{"embeddable":true,"href":"https:\/\/linitiative.ca\/International\/wp-json\/wp\/v2\/users\/1772"}],"replies":[{"embeddable":true,"href":"https:\/\/linitiative.ca\/International\/wp-json\/wp\/v2\/comments?post=101636"}],"version-history":[{"count":0,"href":"https:\/\/linitiative.ca\/International\/wp-json\/wp\/v2\/posts\/101636\/revisions"}],"wp:attachment":[{"href":"https:\/\/linitiative.ca\/International\/wp-json\/wp\/v2\/media?parent=101636"}],"wp:term":[{"taxonomy":"category","embeddable":true,"href":"https:\/\/linitiative.ca\/International\/wp-json\/wp\/v2\/categories?post=101636"},{"taxonomy":"post_tag","embeddable":true,"href":"https:\/\/linitiative.ca\/International\/wp-json\/wp\/v2\/tags?post=101636"}],"curies":[{"name":"wp","href":"https:\/\/api.w.org\/{rel}","templated":true}]}}