{"id":101640,"date":"2020-10-13T06:00:00","date_gmt":"2020-10-13T10:00:00","guid":{"rendered":"https:\/\/linitiative.ca\/International\/revision-en-perspective\/"},"modified":"2020-10-13T06:00:00","modified_gmt":"2020-10-13T10:00:00","slug":"revision-en-perspective","status":"publish","type":"post","link":"https:\/\/linitiative.ca\/International\/revision-en-perspective\/","title":{"rendered":"R\u00e9vision en perspective"},"content":{"rendered":"<p><a href=\"\/actualites\/ils-epinglent-abdelaziz-bouteflika-49663\"\/><\/p>\n<div class=\"image\"><img class=\"lazy\" data-original=\"\/data\/images\/article\/thumbs\/ls-49663ils-epinglent-abdelaziz-bouteflika-8a4f6.jpg\"\/><\/p>\n<p><span>2<\/span><\/p>\n<\/div>\n<p class=\"type-date\"><span>Actualit\u00e9s<\/span> 11:00 | 13-10-2020<\/p>\n<h5 class=\"first-title\"><a href=\"\/actualites\/ils-epinglent-abdelaziz-bouteflika-49663\">Proc\u00e8s en appel de Ali Haddad<\/a><\/h5>\n<h5 class=\"title\"><a href=\"\/actualites\/ils-epinglent-abdelaziz-bouteflika-49663\">Ils \u00e9pinglent Abdelaziz Bouteflika<\/a><\/h5>\n<p><a href=\"\/actualites\/ils-epinglent-abdelaziz-bouteflika-49663\"\/><\/p>\n<p class=\"text\">La cour d\u2019Alger a proc\u00e9d\u00e9 \u00e0 de nombreuses auditions, hier lundi, dans le cadre du proc\u00e8s en appel de Ali Haddad. Contrairement \u00e0 Ouyahia, qui s\u2019est d\u00e9fendu avec force \u00e0 partir de la prison de Abadla o\u00f9 il a \u00e9t\u00e9 r\u00e9cemment transf\u00e9r\u00e9, Abdelmalek Sellal a d\u00e9montr\u00e9 toute sa lassitude et a demand\u00e9 \u00e0 \u00ab rentrer mourir<\/p>\n<p>Auteur:<br \/>\n<a href=\"https:\/\/www.lesoirdalgerie.com\/periscoop\/revision-en-perspective-49611\">Cliquez ici pour lire l&rsquo;article depuis sa source.<\/a><\/p>\n","protected":false},"excerpt":{"rendered":"<p>2 Actualit\u00e9s 11:00 | 13-10-2020 Proc\u00e8s en appel de Ali Haddad Ils \u00e9pinglent Abdelaziz Bouteflika La cour d\u2019Alger a proc\u00e9d\u00e9 \u00e0 de nombreuses auditions, hier lundi, dans le cadre du proc\u00e8s en appel de Ali Haddad. Contrairement \u00e0 Ouyahia, qui s\u2019est d\u00e9fendu avec force \u00e0 partir de la prison de Abadla o\u00f9 il a \u00e9t\u00e9 [&hellip;]<\/p>\n","protected":false},"author":1741,"featured_media":0,"comment_status":"closed","ping_status":"closed","sticky":false,"template":"","format":"standard","meta":{"fifu_image_url":"","fifu_image_alt":"","footnotes":""},"categories":[73,53],"tags":[],"class_list":["post-101640","post","type-post","status-publish","format-standard","hentry","category-actualite","category-algerie"],"_links":{"self":[{"href":"https:\/\/linitiative.ca\/International\/wp-json\/wp\/v2\/posts\/101640","targetHints":{"allow":["GET"]}}],"collection":[{"href":"https:\/\/linitiative.ca\/International\/wp-json\/wp\/v2\/posts"}],"about":[{"href":"https:\/\/linitiative.ca\/International\/wp-json\/wp\/v2\/types\/post"}],"author":[{"embeddable":true,"href":"https:\/\/linitiative.ca\/International\/wp-json\/wp\/v2\/users\/1741"}],"replies":[{"embeddable":true,"href":"https:\/\/linitiative.ca\/International\/wp-json\/wp\/v2\/comments?post=101640"}],"version-history":[{"count":0,"href":"https:\/\/linitiative.ca\/International\/wp-json\/wp\/v2\/posts\/101640\/revisions"}],"wp:attachment":[{"href":"https:\/\/linitiative.ca\/International\/wp-json\/wp\/v2\/media?parent=101640"}],"wp:term":[{"taxonomy":"category","embeddable":true,"href":"https:\/\/linitiative.ca\/International\/wp-json\/wp\/v2\/categories?post=101640"},{"taxonomy":"post_tag","embeddable":true,"href":"https:\/\/linitiative.ca\/International\/wp-json\/wp\/v2\/tags?post=101640"}],"curies":[{"name":"wp","href":"https:\/\/api.w.org\/{rel}","templated":true}]}}