{"id":101641,"date":"2020-10-13T06:00:00","date_gmt":"2020-10-13T10:00:00","guid":{"rendered":"https:\/\/linitiative.ca\/International\/en-attendant-la-douane\/"},"modified":"2020-10-13T06:00:00","modified_gmt":"2020-10-13T10:00:00","slug":"en-attendant-la-douane","status":"publish","type":"post","link":"https:\/\/linitiative.ca\/International\/en-attendant-la-douane\/","title":{"rendered":"En attendant la douane"},"content":{"rendered":"<p>Par une note dat\u00e9e du 20 juin 2020, la Direction g\u00e9n\u00e9rale des douanes avait d\u00e9cid\u00e9 de suspendre les transferts de marchandises vers les ports secs qui avaient \u00e9t\u00e9 somm\u00e9s de \u00abse mettre en conformit\u00e9\u00bb dans les deux mois.<br \/>Cette \u00e9ch\u00e9ance pass\u00e9e, ces ports secs, qui ont pris les mesures n\u00e9cessaires pour satisfaire aux exigences de l\u2019institution douani\u00e8re, ne voient toujours rien venir. Aucune inspection, aucune correspondance, ni aucune manifestation de la DGD n\u2019a \u00e9t\u00e9 enregistr\u00e9e par ces op\u00e9rateurs qui ne savent plus quoi faire pour red\u00e9marrer leur activit\u00e9.\u00a0\u00a0<\/p>\n<p>Auteur:<br \/>\n<a href=\"https:\/\/www.lesoirdalgerie.com\/periscoop\/en-attendant-la-douane-49610\">Cliquez ici pour lire l&rsquo;article depuis sa source.<\/a><\/p>\n","protected":false},"excerpt":{"rendered":"<p>Par une note dat\u00e9e du 20 juin 2020, la Direction g\u00e9n\u00e9rale des douanes avait d\u00e9cid\u00e9 de suspendre les transferts de marchandises vers les ports secs qui avaient \u00e9t\u00e9 somm\u00e9s de \u00abse mettre en conformit\u00e9\u00bb dans les deux mois.Cette \u00e9ch\u00e9ance pass\u00e9e, ces ports secs, qui ont pris les mesures n\u00e9cessaires pour satisfaire aux exigences de l\u2019institution [&hellip;]<\/p>\n","protected":false},"author":1741,"featured_media":0,"comment_status":"closed","ping_status":"closed","sticky":false,"template":"","format":"standard","meta":{"fifu_image_url":"","fifu_image_alt":"","footnotes":""},"categories":[73,53],"tags":[],"class_list":["post-101641","post","type-post","status-publish","format-standard","hentry","category-actualite","category-algerie"],"_links":{"self":[{"href":"https:\/\/linitiative.ca\/International\/wp-json\/wp\/v2\/posts\/101641","targetHints":{"allow":["GET"]}}],"collection":[{"href":"https:\/\/linitiative.ca\/International\/wp-json\/wp\/v2\/posts"}],"about":[{"href":"https:\/\/linitiative.ca\/International\/wp-json\/wp\/v2\/types\/post"}],"author":[{"embeddable":true,"href":"https:\/\/linitiative.ca\/International\/wp-json\/wp\/v2\/users\/1741"}],"replies":[{"embeddable":true,"href":"https:\/\/linitiative.ca\/International\/wp-json\/wp\/v2\/comments?post=101641"}],"version-history":[{"count":0,"href":"https:\/\/linitiative.ca\/International\/wp-json\/wp\/v2\/posts\/101641\/revisions"}],"wp:attachment":[{"href":"https:\/\/linitiative.ca\/International\/wp-json\/wp\/v2\/media?parent=101641"}],"wp:term":[{"taxonomy":"category","embeddable":true,"href":"https:\/\/linitiative.ca\/International\/wp-json\/wp\/v2\/categories?post=101641"},{"taxonomy":"post_tag","embeddable":true,"href":"https:\/\/linitiative.ca\/International\/wp-json\/wp\/v2\/tags?post=101641"}],"curies":[{"name":"wp","href":"https:\/\/api.w.org\/{rel}","templated":true}]}}