{"id":101647,"date":"2020-10-13T13:07:11","date_gmt":"2020-10-13T17:07:11","guid":{"rendered":"https:\/\/linitiative.ca\/International\/vrai-ou-fake-sur-la-covid-19-au-maroc-mardi-13-octobre\/"},"modified":"2020-10-13T13:07:11","modified_gmt":"2020-10-13T17:07:11","slug":"vrai-ou-fake-sur-la-covid-19-au-maroc-mardi-13-octobre","status":"publish","type":"post","link":"https:\/\/linitiative.ca\/International\/vrai-ou-fake-sur-la-covid-19-au-maroc-mardi-13-octobre\/","title":{"rendered":"Vrai ou Fake sur la Covid-19 au Maroc, mardi 13 octobre"},"content":{"rendered":"<p><strong>En plus de l\u2019\u00e9pid\u00e9mie du coronavirus, nous devons faire face \u00e0 une autre \u00e9pid\u00e9mie, celle des fake news relay\u00e9es sur les r\u00e9seaux sociaux.<\/strong><\/p>\n<div class=\"c10\"\/>\n<p>\u2013 Depuis la rentr\u00e9e scolaire, 1.400 cas d\u2019infection au coronavirus ont \u00e9t\u00e9 recens\u00e9s parmi les \u00e9l\u00e8ves. <strong>VRAI<\/strong> 210 \u00e9tablissements ont \u00e9t\u00e9 ferm\u00e9s, accueillant plus de 100.000 \u00e9l\u00e8ves.<\/p>\n<p>\u2013 La Direction provinciale de l\u2019\u00c9ducation nationale de Casablanca a annonc\u00e9 la fermeture de toutes les \u00e9coles de la ville apr\u00e8s le d\u00e9pistage de plusieurs \u00e9l\u00e8ves contamin\u00e9s par le coronavirus.\u00a0<strong>FAKE<\/strong><\/p>\n<p>\u2013 Apr\u00e8s presque 7 mois de fermeture, les mosqu\u00e9es du Royaume vont rouvrir le 16 octobre. <strong>VRAI<\/strong><\/p>\n<p><strong>Lire aussi |\u00a0<a class=\"\" href=\"https:\/\/www.challenge.ma\/maroc-les-mosquees-vont-rouvrir-160990\/\">Maroc : les mosqu\u00e9es\u00a0<\/a><a rel=\"noreferrer noopener\" href=\"https:\/\/www.challenge.ma\/maroc-les-mosquees-vont-rouvrir-160990\/\" target=\"_blank\">vont\u00a0<\/a><a class=\"\" href=\"https:\/\/www.challenge.ma\/maroc-les-mosquees-vont-rouvrir-160990\/\">rouvrir<\/a><\/strong><\/p>\n<p>\u2013 L\u2019Office national des chemins de fer (ONCF) suspend ses trains de et vers Tanger, T\u00e9touan, F\u00e8s, Mekn\u00e8s, Casablanca, Berrechid, Settat et Marrakech.\u00a0<strong>FAKE<\/strong><\/p>\n<p>\u2013 Trois \u00e9l\u00e8ves ont \u00e9t\u00e9 test\u00e9s positifs \u00e0 l\u2019\u00e9cole primaire Ernest Renan \u00e0 Casablanca. <strong>VRAI<\/strong> Il s\u2019agit de deux \u00e9l\u00e8ves du niveau CM1 et d\u2019un \u00e9l\u00e8ve du niveau CM2. Les enfants des classes concern\u00e9es sont renvoy\u00e9s chez eux pour deux semaines.<\/p>\n<p>\u2013 Les r\u00e9sultats des tests covid-19 au Maroc ont \u00e9t\u00e9 manipul\u00e9s. <strong>FAKE<\/strong><\/p>\n<p>\u2013 Le coronavirus peut, au frais et \u00e0 l\u2019ombre, survivre 28 jours sur des surfaces telles que des t\u00e9l\u00e9phones et billets de banque. <strong>VRAI<\/strong><\/p>\n<p><strong>Lire aussi |\u00a0<a rel=\"noreferrer noopener\" href=\"https:\/\/www.challenge.ma\/aziz-saadallah-nest-plus-160985\/\" target=\"_blank\">Aziz Saadallah n\u2019est plus<\/a><\/strong><\/p>\n<p>Auteur: Hajar DARI<br \/>\n<a href=\"https:\/\/www.challenge.ma\/vrai-ou-fake-sur-la-covid-19-au-maroc-mardi-13-octobre-161025\/\">Cliquez ici pour lire l&rsquo;article depuis sa source.<\/a><\/p>\n","protected":false},"excerpt":{"rendered":"<p>En plus de l\u2019\u00e9pid\u00e9mie du coronavirus, nous devons faire face \u00e0 une autre \u00e9pid\u00e9mie, celle des fake news relay\u00e9es sur les r\u00e9seaux sociaux. \u2013 Depuis la rentr\u00e9e scolaire, 1.400 cas d\u2019infection au coronavirus ont \u00e9t\u00e9 recens\u00e9s parmi les \u00e9l\u00e8ves. VRAI 210 \u00e9tablissements ont \u00e9t\u00e9 ferm\u00e9s, accueillant plus de 100.000 \u00e9l\u00e8ves. \u2013 La Direction provinciale de [&hellip;]<\/p>\n","protected":false},"author":1787,"featured_media":0,"comment_status":"closed","ping_status":"closed","sticky":false,"template":"","format":"standard","meta":{"fifu_image_url":"","fifu_image_alt":"","footnotes":""},"categories":[78,54],"tags":[],"class_list":["post-101647","post","type-post","status-publish","format-standard","hentry","category-economie","category-maroc"],"_links":{"self":[{"href":"https:\/\/linitiative.ca\/International\/wp-json\/wp\/v2\/posts\/101647","targetHints":{"allow":["GET"]}}],"collection":[{"href":"https:\/\/linitiative.ca\/International\/wp-json\/wp\/v2\/posts"}],"about":[{"href":"https:\/\/linitiative.ca\/International\/wp-json\/wp\/v2\/types\/post"}],"author":[{"embeddable":true,"href":"https:\/\/linitiative.ca\/International\/wp-json\/wp\/v2\/users\/1787"}],"replies":[{"embeddable":true,"href":"https:\/\/linitiative.ca\/International\/wp-json\/wp\/v2\/comments?post=101647"}],"version-history":[{"count":0,"href":"https:\/\/linitiative.ca\/International\/wp-json\/wp\/v2\/posts\/101647\/revisions"}],"wp:attachment":[{"href":"https:\/\/linitiative.ca\/International\/wp-json\/wp\/v2\/media?parent=101647"}],"wp:term":[{"taxonomy":"category","embeddable":true,"href":"https:\/\/linitiative.ca\/International\/wp-json\/wp\/v2\/categories?post=101647"},{"taxonomy":"post_tag","embeddable":true,"href":"https:\/\/linitiative.ca\/International\/wp-json\/wp\/v2\/tags?post=101647"}],"curies":[{"name":"wp","href":"https:\/\/api.w.org\/{rel}","templated":true}]}}