{"id":101655,"date":"2020-10-13T17:08:07","date_gmt":"2020-10-13T21:08:07","guid":{"rendered":"https:\/\/linitiative.ca\/International\/lutte-contre-linsecurite-au-burkina-la-cooperation-suedoise-et-la-fao-en-tandem\/"},"modified":"2020-10-13T17:08:07","modified_gmt":"2020-10-13T21:08:07","slug":"lutte-contre-linsecurite-au-burkina-la-cooperation-suedoise-et-la-fao-en-tandem","status":"publish","type":"post","link":"https:\/\/linitiative.ca\/International\/lutte-contre-linsecurite-au-burkina-la-cooperation-suedoise-et-la-fao-en-tandem\/","title":{"rendered":"Lutte contre l\u2019ins\u00e9curit\u00e9 au Burkina : La Coop\u00e9ration su\u00e9doise et la FAO  en tandem"},"content":{"rendered":"<div class=\"td-post-featured-image\"><a href=\"https:\/\/www.sidwaya.info\/wp-content\/uploads\/2020\/10\/fao.jpg\" data-caption=\"\"><img loading=\"lazy\" decoding=\"async\" width=\"696\" height=\"496\" class=\"entry-thumb td-modal-image\" src=\"https:\/\/www.sidwaya.info\/wp-content\/uploads\/2020\/10\/fao-696x496.jpg\" srcset=\"https:\/\/www.sidwaya.info\/wp-content\/uploads\/2020\/10\/fao-696x496.jpg 696w, https:\/\/www.sidwaya.info\/wp-content\/uploads\/2020\/10\/fao-300x214.jpg 300w, https:\/\/www.sidwaya.info\/wp-content\/uploads\/2020\/10\/fao-768x547.jpg 768w, https:\/\/www.sidwaya.info\/wp-content\/uploads\/2020\/10\/fao-589x420.jpg 589w, https:\/\/www.sidwaya.info\/wp-content\/uploads\/2020\/10\/fao-100x70.jpg 100w, https:\/\/www.sidwaya.info\/wp-content\/uploads\/2020\/10\/fao.jpg 787w\" sizes=\"auto, (max-width: 696px) 100vw, 696px\" alt=\"\" title=\"fao\"\/><\/a><\/div>\n<p><strong>La signature de l\u2019avenant 2020 de l\u2019accord de financement du projet OSRO\/BKF\/801\/SWE entre la coop\u00e9ration su\u00e9doise et la repr\u00e9sentation de l\u2019Organisation des Nations unies pour l\u2019alimentation et l\u2019agriculture (FAO) au Burkina Faso est intervenue, le mercredi 7 octobre 2020, au si\u00e8ge de l\u2019Union europ\u00e9enne \u00e0 Ouagadougou.<\/strong><\/p>\n<p>Le Burkina Faso est en proie \u00e0 des attaques terroristes causant des d\u00e9plac\u00e9s internes dans plusieurs localit\u00e9s du pays. A cela, s\u2019ajoutent les changements climatiques et la crise de la pand\u00e9mie du coronavirus. Ce sont ces raisons qui ont amen\u00e9 la repr\u00e9sentation de l\u2019Organisation des Nations unies pour l\u2019alimentation et l\u2019agriculture (FAO) au Burkina Faso, en collaboration avec la Coop\u00e9ration su\u00e9doise \u00e0 planifier des activit\u00e9s devant assurer la s\u00e9curit\u00e9 alimentaire, la protection et l\u2019am\u00e9lioration des conditions des personnes vuln\u00e9rables notamment celles affect\u00e9es par l\u2019ins\u00e9curit\u00e9 et la COVID-19.<\/p>\n<p>Les deux institutions ont sign\u00e9, le mercredi 7 octobre 2020, au si\u00e8ge de l\u2019Union europ\u00e9enne \u00e0 Ouagadougou, l\u2019avenant 2020 de l\u2019accord de financement du projet OSRO\/BKF\/801\/SW pour une prolongation jusqu\u2019\u00e0 d\u00e9cembre 2021. Ledit projet est une \u00ab\u00a0r\u00e9ponse d\u2019urgence et un appui \u00e0 l\u2019am\u00e9lioration de la r\u00e9silience des populations vuln\u00e9rables dans les zones \u00e0 risque au Burkina Faso\u00a0\u00bb, selon le repr\u00e9sentant de la FAO au Burkina Faso, Dauda Sau. A l\u2019\u00e9couter, le projet a \u00e9t\u00e9 instaur\u00e9 depuis 2018 au pays des Hommes int\u00e8gres et sera \u00e0 terme cette ann\u00e9e. Cependant, a-t-il dit, les nouveaux d\u00e9fis sont li\u00e9s \u00e0 la pand\u00e9mie du coronavirus et les inondations avec ses lots de victimes et sinistr\u00e9s.<\/p>\n<p>A ce propos, il a soulign\u00e9 que la FAO, dans l\u2019optique de consolider les actions en cours du projet, a sollicit\u00e9 et obtenu une augmentation budg\u00e9taire de plus de 3 milliards 744 millions F CFA (60 millions de couronnes su\u00e9doises). L\u2019extension du projet, a affirm\u00e9 M. Sau, permettra de toucher plus de 11\u00a0500 m\u00e9nages. Et les activit\u00e9s pr\u00e9vues dans ce cadre sont particuli\u00e8rement les transferts mon\u00e9taires conditionnels et inconditionnels aux foyers pour la protection de leurs moyens d\u2019existences et la reconstitution du capital de production agro-sylvicole au b\u00e9n\u00e9fice de 6500 m\u00e9nages.<\/p>\n<p>Il a rappel\u00e9 que le projet touche plusieurs secteurs. Pour le volet \u00e9levages, il a cit\u00e9 que de la p\u00e9riode du 1er juin 2018 \u00e0 nos jours, il y a eu, entre autres, la distribution de 7468 petits ruminants \u00e0 2461 m\u00e9nages, 750 tonnes d\u2019aliments pour b\u00e9tail au profit de 5000 familles de pasteurs et agropasteurs. Du c\u00f4t\u00e9 de l\u2019agriculture, M. Sau a fait savoir que plus de 40 mille tonnes de semences vivri\u00e8res et 280 tonnes d\u2019engrais organiques ont \u00e9t\u00e9 distribu\u00e9es. Les r\u00e9sultats atteints sont positifs, selon le repr\u00e9sentant de la FAO au Burkina Faso.<\/p>\n<p>\u00ab\u00a0Il y a eu une r\u00e9duction significative des pertes de b\u00e9tail li\u00e9es aux maladies de 40% par rapport aux t\u00e9moins non b\u00e9n\u00e9ficiaires. Et une augmentation du nombre moyen de repas consomm\u00e9s par m\u00e9nage qui est pass\u00e9 d\u2019un repas par jour en 2018 \u00e0 trois repas\u00a0\u00bb, a-t-il relev\u00e9.<\/p>\n<p>Quant au ministre su\u00e9dois de la Coop\u00e9ration internationale pour le d\u00e9veloppement, Peter Erikson, il a souhait\u00e9 que le projet soit au b\u00e9n\u00e9fice des couches vuln\u00e9rables de la population. A l\u2019entendre, le projet est appr\u00e9ci\u00e9 par les b\u00e9n\u00e9ficiaires et les acteurs \u00e9tatiques. \u00ab\u00a0A travers ce projet, les populations travailleront \u00e0 \u00eatre ind\u00e9pendantes \u00bb, a-t-il dit.<\/p>\n<p class=\"c1\"><strong>Gaspard BAYALA<\/strong><br \/>gaspardbayala87@gmail.com<\/p>\n<div class=\"td-a-rec td-a-rec-id-content_bottom tdi_30_969 td_block_template_1\"><img loading=\"lazy\" decoding=\"async\" class=\"aligncenter size-full wp-image-27454\" src=\"https:\/\/www.sidwaya.info\/wp-content\/uploads\/2020\/10\/PUB-Bandeau-paiement-mobile-siteweb.jpg\" alt=\"\" width=\"728\" height=\"90\"\/><\/div>\n<p>Auteur: JK. Sidwaya<br \/>\n<a href=\"https:\/\/www.sidwaya.info\/blog\/2020\/10\/13\/lutte-contre-linsecurite-au-burkina-la-cooperation-suedoise-et-la-fao-en-tandem\/\">Cliquez ici pour lire l&rsquo;article depuis sa source.<\/a><\/p>\n","protected":false},"excerpt":{"rendered":"<p>La signature de l\u2019avenant 2020 de l\u2019accord de financement du projet OSRO\/BKF\/801\/SWE entre la coop\u00e9ration su\u00e9doise et la repr\u00e9sentation de l\u2019Organisation des Nations unies pour l\u2019alimentation et l\u2019agriculture (FAO) au Burkina Faso est intervenue, le mercredi 7 octobre 2020, au si\u00e8ge de l\u2019Union europ\u00e9enne \u00e0 Ouagadougou. Le Burkina Faso est en proie \u00e0 des attaques [&hellip;]<\/p>\n","protected":false},"author":1816,"featured_media":101656,"comment_status":"closed","ping_status":"closed","sticky":false,"template":"","format":"standard","meta":{"fifu_image_url":"","fifu_image_alt":"","footnotes":""},"categories":[73,81],"tags":[],"class_list":["post-101655","post","type-post","status-publish","format-standard","has-post-thumbnail","hentry","category-actualite","category-burkina-faso"],"_links":{"self":[{"href":"https:\/\/linitiative.ca\/International\/wp-json\/wp\/v2\/posts\/101655","targetHints":{"allow":["GET"]}}],"collection":[{"href":"https:\/\/linitiative.ca\/International\/wp-json\/wp\/v2\/posts"}],"about":[{"href":"https:\/\/linitiative.ca\/International\/wp-json\/wp\/v2\/types\/post"}],"author":[{"embeddable":true,"href":"https:\/\/linitiative.ca\/International\/wp-json\/wp\/v2\/users\/1816"}],"replies":[{"embeddable":true,"href":"https:\/\/linitiative.ca\/International\/wp-json\/wp\/v2\/comments?post=101655"}],"version-history":[{"count":0,"href":"https:\/\/linitiative.ca\/International\/wp-json\/wp\/v2\/posts\/101655\/revisions"}],"wp:featuredmedia":[{"embeddable":true,"href":"https:\/\/linitiative.ca\/International\/wp-json\/"}],"wp:attachment":[{"href":"https:\/\/linitiative.ca\/International\/wp-json\/wp\/v2\/media?parent=101655"}],"wp:term":[{"taxonomy":"category","embeddable":true,"href":"https:\/\/linitiative.ca\/International\/wp-json\/wp\/v2\/categories?post=101655"},{"taxonomy":"post_tag","embeddable":true,"href":"https:\/\/linitiative.ca\/International\/wp-json\/wp\/v2\/tags?post=101655"}],"curies":[{"name":"wp","href":"https:\/\/api.w.org\/{rel}","templated":true}]}}