{"id":101659,"date":"2020-10-13T17:10:47","date_gmt":"2020-10-13T21:10:47","guid":{"rendered":"https:\/\/linitiative.ca\/International\/la-rancon-dune-liberation\/"},"modified":"2020-10-13T17:10:47","modified_gmt":"2020-10-13T21:10:47","slug":"la-rancon-dune-liberation","status":"publish","type":"post","link":"https:\/\/linitiative.ca\/International\/la-rancon-dune-liberation\/","title":{"rendered":"La ran\u00e7on d\u2019une lib\u00e9ration"},"content":{"rendered":"<div class=\"td-post-featured-image\"><a href=\"https:\/\/www.sidwaya.info\/wp-content\/uploads\/2020\/09\/mercure.jpg\" data-caption=\"\"><img loading=\"lazy\" decoding=\"async\" width=\"696\" height=\"501\" class=\"entry-thumb td-modal-image\" src=\"https:\/\/www.sidwaya.info\/wp-content\/uploads\/2020\/09\/mercure-696x501.jpg\" srcset=\"https:\/\/www.sidwaya.info\/wp-content\/uploads\/2020\/09\/mercure-696x501.jpg 696w, https:\/\/www.sidwaya.info\/wp-content\/uploads\/2020\/09\/mercure-300x216.jpg 300w, https:\/\/www.sidwaya.info\/wp-content\/uploads\/2020\/09\/mercure-584x420.jpg 584w, https:\/\/www.sidwaya.info\/wp-content\/uploads\/2020\/09\/mercure.jpg 709w\" sizes=\"auto, (max-width: 696px) 100vw, 696px\" alt=\"\" title=\"mercure\"\/><\/a><\/div>\n<p>Le jeudi 8 octobre dernier, les autorit\u00e9s maliennes ont obtenu la lib\u00e9ration de quatre otages des mains des groupes terroristes. Il s\u2019agit de l\u2019opposant malien, Souma\u00efla Ciss\u00e9, de la Fran\u00e7aise Sophie P\u00e9tronin et des deux Italiens, Nicola Chiacchio et le p\u00e8re Pier Luigi Maccalli. Ces lib\u00e9rations, qui interviennent \u00e0 l\u2019issue de longues n\u00e9gociations, ont \u00e9t\u00e9 diversement appr\u00e9ci\u00e9es par l\u2019opinion publique malienne et aussi internationale au regard de l\u2019int\u00e9r\u00eat de la question. La contrepartie de ces remises en libert\u00e9 est jug\u00e9e tr\u00e8s sal\u00e9e en ce sens qu\u2019elle fait la part belle \u00e0 l\u2019ennemi. En effet, plus d\u2019une centaine de terroristes ont \u00e9t\u00e9 lib\u00e9r\u00e9s par les autorit\u00e9s maliennes. Et comme si cela ne suffisait pas, une ran\u00e7on aurait \u00e9t\u00e9 pay\u00e9e, pour \u00ab\u00a0amadouer\u00a0\u00bb les chefs terroristes qui mena\u00e7aient de rompre le processus de n\u00e9gociation.<\/p>\n<p>S\u2019il faut a priori saluer la lib\u00e9ration des otages en ce sens que le droit \u00e0 la vie humaine n\u2019a pas de prix, il n\u2019en demeure pas moins que les conditions de lib\u00e9ration des otages suscitent moult interrogations. Alors que les Maliens pensaient que ce compromis viendrait leur donner un temps de r\u00e9pit, quelle n\u2019a pas \u00e9t\u00e9 leur surprise de constater le degr\u00e9 de nuisance des forces du mal. Depuis bient\u00f4t une semaine, les populations du village de Farabougou, dans le centre du Mali sont sous un embargo digne d\u2019un film hollywoodien. Dans ce village, personne n\u2019entre, ni n\u2019en sort, except\u00e9s les seigneurs de guerre qui dictent leur loi. Pour montrer leur intransigeance, le blocus a \u00e9t\u00e9 doubl\u00e9 d\u2019une attaque qui a fait au moins six morts et 22 bless\u00e9s.<\/p>\n<p>Et comme si cela ne suffisait pas, les forces du mal ont tenu en respect une position de l\u2019arm\u00e9e malienne \u00e0 Sokoura, dans le cercle de Bankass dans la nuit du lundi 12 octobre 2020. Cette attaque qui intervient \u00e0 moins d\u2019une semaine de la lib\u00e9ration de la cohorte de combattants terroristes a co\u00fbt\u00e9 la vie \u00e0 neuf soldats de l\u2019arm\u00e9e malienne et fait des bless\u00e9s dans ses rangs, selon une source militaire. Le renfort d\u00e9p\u00each\u00e9 sur les lieux est aussi tomb\u00e9, hier mardi matin, dans une embuscade et a fait trois morts, dix bless\u00e9s et des disparus. Ces d\u00e9monstrations de force montrent \u00e0 souhait que ces groupes terroristes n\u2019ont pas du tout perdu leurs capacit\u00e9s de nuisance.<\/p>\n<p>Mieux, ils tentent de montrer \u00e0 la face du monde leur supr\u00e9matie sur l\u2019adversaire. Et pour atteindre leur but, ils d\u00e9montrent \u00e0 qui veut l\u2019entendre qu\u2019ils peuvent jouer sur plusieurs leviers pour faire mal. Ce message doit \u00eatre bien analys\u00e9 par les pays du G5 Sahel en proie \u00e0 la menace terroriste. Doivent-ils continuer \u00e0 verser des ran\u00e7ons \u00e0 l\u2019ennemi\u00a0ou \u00e0 lib\u00e9rer de redoutables prisonniers qui menacent la paix ?<\/p>\n<p>Continuer dans ce sens reviendrait \u00e0 faire le jeu de l\u2019adversaire et s\u2019engager dans un labyrinthe sans issue car l\u2019ennemi aura la latitude de se reconstruire tant sur le plan de ressources humaines qu\u2019au niveau de l\u2019arsenal de guerre. La r\u00e9ponse \u00e0 cette crise ne peut se faire sans le d\u00e9mant\u00e8lement des sources de financement, l\u2019augmentation de la puissance de feu et la lutte contre la pauvret\u00e9 dans les zones o\u00f9 les populations sont expos\u00e9es \u00e0 l\u2019enr\u00f4lement des groupes terroristes.<\/p>\n<p class=\"c1\"><strong>Abdoulaye BALBONE<\/strong><\/p>\n<div class=\"td-a-rec td-a-rec-id-content_bottom tdi_30_585 td_block_template_1\"><img loading=\"lazy\" decoding=\"async\" class=\"aligncenter size-full wp-image-27454\" src=\"https:\/\/www.sidwaya.info\/wp-content\/uploads\/2020\/10\/PUB-Bandeau-paiement-mobile-siteweb.jpg\" alt=\"\" width=\"728\" height=\"90\"\/><\/div>\n<p>Auteur: JK. Sidwaya<br \/>\n<a href=\"https:\/\/www.sidwaya.info\/blog\/2020\/10\/13\/la-rancon-dune-liberation\/\">Cliquez ici pour lire l&rsquo;article depuis sa source.<\/a><\/p>\n","protected":false},"excerpt":{"rendered":"<p>Le jeudi 8 octobre dernier, les autorit\u00e9s maliennes ont obtenu la lib\u00e9ration de quatre otages des mains des groupes terroristes. Il s\u2019agit de l\u2019opposant malien, Souma\u00efla Ciss\u00e9, de la Fran\u00e7aise Sophie P\u00e9tronin et des deux Italiens, Nicola Chiacchio et le p\u00e8re Pier Luigi Maccalli. Ces lib\u00e9rations, qui interviennent \u00e0 l\u2019issue de longues n\u00e9gociations, ont \u00e9t\u00e9 [&hellip;]<\/p>\n","protected":false},"author":1816,"featured_media":101660,"comment_status":"closed","ping_status":"closed","sticky":false,"template":"","format":"standard","meta":{"fifu_image_url":"","fifu_image_alt":"","footnotes":""},"categories":[73,81],"tags":[],"class_list":["post-101659","post","type-post","status-publish","format-standard","has-post-thumbnail","hentry","category-actualite","category-burkina-faso"],"_links":{"self":[{"href":"https:\/\/linitiative.ca\/International\/wp-json\/wp\/v2\/posts\/101659","targetHints":{"allow":["GET"]}}],"collection":[{"href":"https:\/\/linitiative.ca\/International\/wp-json\/wp\/v2\/posts"}],"about":[{"href":"https:\/\/linitiative.ca\/International\/wp-json\/wp\/v2\/types\/post"}],"author":[{"embeddable":true,"href":"https:\/\/linitiative.ca\/International\/wp-json\/wp\/v2\/users\/1816"}],"replies":[{"embeddable":true,"href":"https:\/\/linitiative.ca\/International\/wp-json\/wp\/v2\/comments?post=101659"}],"version-history":[{"count":0,"href":"https:\/\/linitiative.ca\/International\/wp-json\/wp\/v2\/posts\/101659\/revisions"}],"wp:featuredmedia":[{"embeddable":true,"href":"https:\/\/linitiative.ca\/International\/wp-json\/"}],"wp:attachment":[{"href":"https:\/\/linitiative.ca\/International\/wp-json\/wp\/v2\/media?parent=101659"}],"wp:term":[{"taxonomy":"category","embeddable":true,"href":"https:\/\/linitiative.ca\/International\/wp-json\/wp\/v2\/categories?post=101659"},{"taxonomy":"post_tag","embeddable":true,"href":"https:\/\/linitiative.ca\/International\/wp-json\/wp\/v2\/tags?post=101659"}],"curies":[{"name":"wp","href":"https:\/\/api.w.org\/{rel}","templated":true}]}}