{"id":101666,"date":"2020-10-13T16:18:03","date_gmt":"2020-10-13T20:18:03","guid":{"rendered":"https:\/\/linitiative.ca\/International\/senegal-plaidoyer-pour-un-recentrage-des-politiques-energetiques-autour-de-la-justice-spatiale\/"},"modified":"2020-10-13T16:18:03","modified_gmt":"2020-10-13T20:18:03","slug":"senegal-plaidoyer-pour-un-recentrage-des-politiques-energetiques-autour-de-la-justice-spatiale","status":"publish","type":"post","link":"https:\/\/linitiative.ca\/International\/senegal-plaidoyer-pour-un-recentrage-des-politiques-energetiques-autour-de-la-justice-spatiale\/","title":{"rendered":"S\u00e9n\u00e9gal : plaidoyer pour un recentrage des politiques \u00e9nerg\u00e9tiques autour de la justice spatiale"},"content":{"rendered":"<div readability=\"32\">\n<p>Publi\u00e9 le 13.10.2020 \u00e0 21h18 par APA News<\/p>\n<\/div>\n<div readability=\"90\">\n<p>La non disponibilit\u00e9 de l\u2019\u00e9lectricit\u00e9 en milieu rural induit \u00e0 un faible niveau d\u2019\u00e9quipement des m\u00e9nages et par cons\u00e9quent \u00e0 un faible confort domestique, souligne l\u2019\u00e9tude sur les Strat\u00e9gies optimales en mati\u00e8re d\u2019efficacit\u00e9 \u00e9nerg\u00e9tique, rendue public ce mardi \u00e0 Dakar.Au S\u00e9n\u00e9gal, 94 % des m\u00e9nages ne poss\u00e8dent pas de r\u00e9frig\u00e9rateur, souligne l\u2019\u00e9tude, ajoutant que cette m\u00eame tendance est observ\u00e9e au B\u00e9nin et au Togo avec respectivement 97,3% et 99% de foyers ne disposant pas de frigidaire, d\u2019o\u00f9 les difficult\u00e9s pour conserver les aliments et les m\u00e9dicaments.<\/p>\n<p>Financ\u00e9 par le Centre de recherche pour le d\u00e9veloppement international (CRDI), la recherche d\u00e9montre un besoin de justice spatiale\u00a0r\u00e9v\u00e9l\u00e9e par des in\u00e9galit\u00e9s territoriales d\u2019acc\u00e8s \u00e0 l\u2019\u00e9nergie\u00a0; un besoin de justice sociale\u00a0face \u00e0 l\u2019accroissement des in\u00e9galit\u00e9s d\u2019acc\u00e8s aux services \u00e9nerg\u00e9tiques;\u00a0un besoin de justice socioculturelle\u00a0r\u00e9v\u00e9l\u00e9e par des r\u00f4les de genre souvent d\u00e9favorables aux femmes et un besoin de justice \u00e9nerg\u00e9tique\u00a0qui a tr\u00e8s peu p\u00e9n\u00e9tr\u00e9 les politiques publiques.<\/p>\n<p>Partant de ces constats, l\u2019\u00e9tude pilot\u00e9e par la firme Econoler avec l\u2019\u00e9troite collaboration de chercheurs universitaires du B\u00e9nin, du S\u00e9n\u00e9gal et du Togo plaide pour un recentrage des politiques \u00e9nerg\u00e9tiques autour de la justice spatiale (urbain\/rural) \u00a0pour ainsi atteindre la justice \u00e9nerg\u00e9tique (J.E).\u00a0<\/p>\n<p>Par ailleurs, ce travail, dont l\u2019objectif est de promouvoir la justice \u00e9nerg\u00e9tique pour les femmes dans les zones rurales d\u2019Afrique subsaharienne, r\u00e9v\u00e8le que le niveau d\u2019exposition aux chocs de sant\u00e9 d\u00fb \u00e0 la recherche de ressources \u00e9nerg\u00e9tiques reste plus \u00e9lev\u00e9 chez les femmes et les enfants de moins de 2 ans et que les obstacles \u00e0 la productivit\u00e9 et les pertes d\u2019opportunit\u00e9s sont plus accentu\u00e9es chez les femmes que chez les hommes.\u00a0<\/p>\n<p>Pour rem\u00e9dier \u00e0 ce probl\u00e8me, l\u2019\u00e9tude sugg\u00e8re l\u2019am\u00e9nagement de for\u00eats communautaires\u00a0g\u00e9r\u00e9es par les populations pour r\u00e9duire la pression sur les ressources foresti\u00e8res. \u00a0Cela permettrait, selon les auteurs de l\u2019\u00e9tude, une exploitation au bout de quelques ann\u00e9es, une gestion durable, un approvisionnement en bois de chauffe facilit\u00e9\u2026<\/p>\n<p>En outre, le document propose une plus grande implication populations dans la prise de d\u00e9cision dans le secteur de l\u2019\u00e9nergie, l\u2019am\u00e9lioration de l\u2019autonomisation des femmes en milieu rural et la lev\u00e9e de toutes les contraintes \u00e9nerg\u00e9tiques en milieu rural. \u00a0<\/p>\n<p>\u00ab Il importe d\u2019engager les autorit\u00e9s dans un changement de pratiques. Car en am\u00e9liorant \u00a0les conditions de femmes c\u2019est toute la soci\u00e9t\u00e9 qui y gagne \u00bb, fait remarquer le rapport.\u00a0<\/p>\n<p>Jugeant \u00ab inacceptable socialement, \u00e9thiquement et humainement le co\u00fbt de l\u2019inaction \u00bb, l\u2019\u00e9tude conclut que ne pas agir c\u2019est \u00ab accepter de maintenir les femmes dans des t\u00e2ches peu habilitantes; refuser des droits \u00a0aux femmes en milieu rural; s\u2019opposer \u00e0 l\u2019\u00e9galit\u00e9 de chance de r\u00e9ussite scolaire ; emp\u00eacher les investissements rentables et profitables\u00a0aux femmes en milieu rural et maintenir les obstacles \u00e0 la sant\u00e9 et au d\u00e9veloppement.<\/p>\n<\/div>\n<p>Auteur: APA News<br \/>\n<a href=\"https:\/\/www.journalducameroun.com\/senegal-plaidoyer-pour-un-recentrage-des-politiques-energetiques-autour-de-la-justice-spatiale\/\">Cliquez ici pour lire l&rsquo;article depuis sa source.<\/a><\/p>\n","protected":false},"excerpt":{"rendered":"<p>Publi\u00e9 le 13.10.2020 \u00e0 21h18 par APA News La non disponibilit\u00e9 de l\u2019\u00e9lectricit\u00e9 en milieu rural induit \u00e0 un faible niveau d\u2019\u00e9quipement des m\u00e9nages et par cons\u00e9quent \u00e0 un faible confort domestique, souligne l\u2019\u00e9tude sur les Strat\u00e9gies optimales en mati\u00e8re d\u2019efficacit\u00e9 \u00e9nerg\u00e9tique, rendue public ce mardi \u00e0 Dakar.Au S\u00e9n\u00e9gal, 94 % des m\u00e9nages ne poss\u00e8dent [&hellip;]<\/p>\n","protected":false},"author":1965,"featured_media":0,"comment_status":"closed","ping_status":"closed","sticky":false,"template":"","format":"standard","meta":{"fifu_image_url":"","fifu_image_alt":"","footnotes":""},"categories":[73,82],"tags":[],"class_list":["post-101666","post","type-post","status-publish","format-standard","hentry","category-actualite","category-cameroun"],"_links":{"self":[{"href":"https:\/\/linitiative.ca\/International\/wp-json\/wp\/v2\/posts\/101666","targetHints":{"allow":["GET"]}}],"collection":[{"href":"https:\/\/linitiative.ca\/International\/wp-json\/wp\/v2\/posts"}],"about":[{"href":"https:\/\/linitiative.ca\/International\/wp-json\/wp\/v2\/types\/post"}],"author":[{"embeddable":true,"href":"https:\/\/linitiative.ca\/International\/wp-json\/wp\/v2\/users\/1965"}],"replies":[{"embeddable":true,"href":"https:\/\/linitiative.ca\/International\/wp-json\/wp\/v2\/comments?post=101666"}],"version-history":[{"count":0,"href":"https:\/\/linitiative.ca\/International\/wp-json\/wp\/v2\/posts\/101666\/revisions"}],"wp:attachment":[{"href":"https:\/\/linitiative.ca\/International\/wp-json\/wp\/v2\/media?parent=101666"}],"wp:term":[{"taxonomy":"category","embeddable":true,"href":"https:\/\/linitiative.ca\/International\/wp-json\/wp\/v2\/categories?post=101666"},{"taxonomy":"post_tag","embeddable":true,"href":"https:\/\/linitiative.ca\/International\/wp-json\/wp\/v2\/tags?post=101666"}],"curies":[{"name":"wp","href":"https:\/\/api.w.org\/{rel}","templated":true}]}}