{"id":101667,"date":"2020-10-13T17:01:54","date_gmt":"2020-10-13T21:01:54","guid":{"rendered":"https:\/\/linitiative.ca\/International\/cameroun-crise-anglophone-fin-de-parcours-pour-le-general-ayeke\/"},"modified":"2020-10-13T17:01:54","modified_gmt":"2020-10-13T21:01:54","slug":"cameroun-crise-anglophone-fin-de-parcours-pour-le-general-ayeke","status":"publish","type":"post","link":"https:\/\/linitiative.ca\/International\/cameroun-crise-anglophone-fin-de-parcours-pour-le-general-ayeke\/","title":{"rendered":"Cameroun\/crise anglophone: fin de parcours pour le \u201cG\u00e9n\u00e9ral Ayeke\u201d"},"content":{"rendered":"<div readability=\"32\">\n<p>Publi\u00e9 le 13.10.2020 \u00e0 22h01 par JournalduCameroun.com<\/p>\n<\/div>\n<div readability=\"51\">\n<h2>Combattant qui s\u2019\u00e9tait cr\u00e9\u00e9 une notori\u00e9t\u00e9 au Lebialem dans la lutte pour l\u2019Ambazonie, sa mort a \u00e9t\u00e9 annonc\u00e9e le 13 octobre suite \u00e0 une op\u00e9ration de l\u2019arm\u00e9e<\/h2>\n<p><span class=\"c6\">Les m\u00e9dias publics camerounais ont annonc\u00e9 ce 13 octobre la mort du<\/span> <strong><em>\u201cG\u00e9n\u00e9ral Ayeke\u201d<\/em><\/strong><span class=\"c6\">, un combattant s\u00e9paratiste qui s\u2019\u00e9tait d\u00e9j\u00e0 \u00e9tabli une notori\u00e9t\u00e9 dans le d\u00e9partement du<\/span> <strong>Lebialem<\/strong> <span class=\"c6\">(r\u00e9gion du Sud-Ouest).<\/span><\/p>\n<p><span class=\"c6\">Le \u201cGeneral Ayeke\u201d a \u00e9t\u00e9 tu\u00e9 au cours d\u2019une op\u00e9ration men\u00e9e par l\u2019Arm\u00e9e autour de Besali, dans l\u2019arrondissement de Wabane, au Lebialem. L\u2019op\u00e9ration militaire a permis par ailleurs la lib\u00e9ration de 13 otages dont trois jeunes filles \u00e2g\u00e9es de 16, 18 et 24 ans soup\u00e7onn\u00e9es d\u2019avoir \u00e9t\u00e9 utilis\u00e9es comme esclaves sexuelles, de sources m\u00e9diatiques.\u00a0<\/span><\/p>\n<p><span class=\"c6\">Des armes et munitions ont \u00e9t\u00e9 saisies au cours de cette op\u00e9ration.\u00a0<\/span><\/p>\n<p><span class=\"c6\">Le corps de ce combattant qui r\u00eavait de l\u2019instauration d\u2019un Etat d\u2019<\/span> <strong><em>\u201cAmbazonie\u201d<\/em><\/strong> <span class=\"c6\">dans les r\u00e9gions anglophones du Cameroun a \u00e9t\u00e9 transport\u00e9 par h\u00e9licopt\u00e8re jusqu\u2019\u00e0<\/span> <strong>Kumba<\/strong> <span class=\"c6\">(chef-lieu du d\u00e9partement de la Meme, r\u00e9gion du Sud-Ouest).<\/span><\/p>\n<\/div>\n<p>Auteur: JournalduCameroun.com<br \/>\n<a href=\"https:\/\/www.journalducameroun.com\/cmr-crise-anglophone-fin-parcours-general-ayeke\/\">Cliquez ici pour lire l&rsquo;article depuis sa source.<\/a><\/p>\n","protected":false},"excerpt":{"rendered":"<p>Publi\u00e9 le 13.10.2020 \u00e0 22h01 par JournalduCameroun.com Combattant qui s\u2019\u00e9tait cr\u00e9\u00e9 une notori\u00e9t\u00e9 au Lebialem dans la lutte pour l\u2019Ambazonie, sa mort a \u00e9t\u00e9 annonc\u00e9e le 13 octobre suite \u00e0 une op\u00e9ration de l\u2019arm\u00e9e Les m\u00e9dias publics camerounais ont annonc\u00e9 ce 13 octobre la mort du \u201cG\u00e9n\u00e9ral Ayeke\u201d, un combattant s\u00e9paratiste qui s\u2019\u00e9tait d\u00e9j\u00e0 \u00e9tabli [&hellip;]<\/p>\n","protected":false},"author":1965,"featured_media":0,"comment_status":"closed","ping_status":"closed","sticky":false,"template":"","format":"standard","meta":{"fifu_image_url":"","fifu_image_alt":"","footnotes":""},"categories":[73,82],"tags":[],"class_list":["post-101667","post","type-post","status-publish","format-standard","hentry","category-actualite","category-cameroun"],"_links":{"self":[{"href":"https:\/\/linitiative.ca\/International\/wp-json\/wp\/v2\/posts\/101667","targetHints":{"allow":["GET"]}}],"collection":[{"href":"https:\/\/linitiative.ca\/International\/wp-json\/wp\/v2\/posts"}],"about":[{"href":"https:\/\/linitiative.ca\/International\/wp-json\/wp\/v2\/types\/post"}],"author":[{"embeddable":true,"href":"https:\/\/linitiative.ca\/International\/wp-json\/wp\/v2\/users\/1965"}],"replies":[{"embeddable":true,"href":"https:\/\/linitiative.ca\/International\/wp-json\/wp\/v2\/comments?post=101667"}],"version-history":[{"count":0,"href":"https:\/\/linitiative.ca\/International\/wp-json\/wp\/v2\/posts\/101667\/revisions"}],"wp:attachment":[{"href":"https:\/\/linitiative.ca\/International\/wp-json\/wp\/v2\/media?parent=101667"}],"wp:term":[{"taxonomy":"category","embeddable":true,"href":"https:\/\/linitiative.ca\/International\/wp-json\/wp\/v2\/categories?post=101667"},{"taxonomy":"post_tag","embeddable":true,"href":"https:\/\/linitiative.ca\/International\/wp-json\/wp\/v2\/tags?post=101667"}],"curies":[{"name":"wp","href":"https:\/\/api.w.org\/{rel}","templated":true}]}}