{"id":101668,"date":"2020-10-13T12:26:36","date_gmt":"2020-10-13T16:26:36","guid":{"rendered":"https:\/\/linitiative.ca\/International\/la-camerounaise-solange-yana-nommee-dg-de-wafacash-afrique-centrale\/"},"modified":"2020-10-13T12:26:36","modified_gmt":"2020-10-13T16:26:36","slug":"la-camerounaise-solange-yana-nommee-dg-de-wafacash-afrique-centrale","status":"publish","type":"post","link":"https:\/\/linitiative.ca\/International\/la-camerounaise-solange-yana-nommee-dg-de-wafacash-afrique-centrale\/","title":{"rendered":"La Camerounaise Solange Yana nomm\u00e9e DG de Wafacash Afrique centrale"},"content":{"rendered":"<div class=\"featured-area featured-area-inner\"><img loading=\"lazy\" decoding=\"async\" width=\"397\" height=\"279\" src=\"https:\/\/ecomatin.net\/wp-content\/uploads\/2020\/10\/femme.jpg\" class=\"attachment-full size-full wp-post-image\" alt=\"\" srcset=\"https:\/\/ecomatin.net\/wp-content\/uploads\/2020\/10\/femme.jpg 397w, https:\/\/ecomatin.net\/wp-content\/uploads\/2020\/10\/femme-300x211.jpg 300w\" sizes=\"auto, (max-width: 397px) 100vw, 397px\" data-attachment-id=\"18910\" data-permalink=\"https:\/\/ecomatin.net\/la-camerounaise-solange-yana-nommee-dg-de-wafacash-afrique-centrale\/femme\/\" data-orig-file=\"https:\/\/ecomatin.net\/wp-content\/uploads\/2020\/10\/femme.jpg\" data-orig-size=\"397,279\" data-comments-opened=\"0\" data-image-meta=\"{&quot;aperture&quot;:&quot;0&quot;,&quot;credit&quot;:&quot;&quot;,&quot;camera&quot;:&quot;&quot;,&quot;caption&quot;:&quot;&quot;,&quot;created_timestamp&quot;:&quot;1602609544&quot;,&quot;copyright&quot;:&quot;&quot;,&quot;focal_length&quot;:&quot;0&quot;,&quot;iso&quot;:&quot;0&quot;,&quot;shutter_speed&quot;:&quot;0&quot;,&quot;title&quot;:&quot;&quot;,&quot;orientation&quot;:&quot;1&quot;}\" data-image-title=\"femme\" data-image-description=\"\" data-medium-file=\"https:\/\/ecomatin.net\/wp-content\/uploads\/2020\/10\/femme-300x211.jpg\" data-large-file=\"https:\/\/ecomatin.net\/wp-content\/uploads\/2020\/10\/femme.jpg\"\/> La nouvelle promue<\/div>\n<div class=\"entry-content entry clearfix\" readability=\"37.538348082596\">\n<p>Wafacash Central Africa a un nouveau Directeur G\u00e9n\u00e9ral. Il s\u2019agit de Solange Yana. La camerounaise qui occupait jusqu\u2019ici le poste de Directeur g\u00e9n\u00e9ral Adjoint a \u00e9t\u00e9 promue au plus haut poste de responsabilit\u00e9 au sein de cette filiale du groupe bancaire marocain Attijariwafa Bank. En effet, c\u2019est en 2008 que cet auditeur interne \u00e0 Bristish American Tobacco Cameroon (BAT) de 2004 \u00e0 2007, d\u00e9pose ses valises \u00e0 la Soci\u00e9t\u00e9 camerounaise de Banque (SCB) filiale du groupe marocain Attijariwafa Bank en qualit\u00e9 de responsable de la conformit\u00e9 et de l\u2019\u00e9thique professionnelle. Sa mission consistait \u00e0 l\u2019\u00e9laboration et la mise en \u0153uvre d\u2019un cadre de contr\u00f4le de la s\u00e9curit\u00e9 financi\u00e8re pour le suivi ult\u00e9rieur des transactions, dans le cadre de la conformit\u00e9 de la Banque aux r\u00e9glementations internationales relatives \u00e0 la lutte contre le blanchiment d\u2019argent et le financement du terrorisme. En 2013, elle est nomm\u00e9e directeur des op\u00e9rations avant d\u2019\u00eatre promue en 2016, directrice g\u00e9n\u00e9rale adjointe de Wafacash Central Afrique centrale.<\/p>\n<p><strong>Lire aussi<\/strong> : <a href=\"https:\/\/ecomatin.net\/africa-dev-sessions-cyrus-ngoo-met-port-de-douala-en-vitrine\/\">AfricaDev sessions: Cyrus Ngo\u2019o met le port de Douala en vitrine<\/a><\/p>\n<p>Dipl\u00f4m\u00e9 du Conservatoire National des Arts et M\u00e9tiers (Cnam) en 1994 et d\u2019un Master en sciences \u00e9conomiques option \u00e9conomie international en 1991, Solange YANA devra relever les multiples d\u00e9fis qui l\u2019attendent \u00e0 la t\u00eate de Wafacash Central Africa. Aujourd\u2019hui \u00e0 la t\u00eate de cette entreprise, la nouvelle directrice g\u00e9n\u00e9rale ne manquera pas d\u2019atouts pour davantage apporter sa touche singuli\u00e8re \u00e0 la croissance et au d\u00e9veloppement de Wafacash dans cet environnement de plus en plus concurrentiel.<\/p>\n<p><strong>Lire aussi<\/strong> : <a href=\"https:\/\/ecomatin.net\/le-groupe-attijariwafa-bank-lance-les-africadev-sessions\/\">Le Groupe Attijariwafa bank lance les \u00ab\u00a0AfricDev sessions\u00a0\u00bb<\/a><\/p>\n<p>Bas\u00e9e au Cameroun, Wafacash Central Africa est une soci\u00e9t\u00e9 anonyme au capital de 2 milliards de FCFA sp\u00e9cialis\u00e9e dans les services financiers de proximit\u00e9, cr\u00e9\u00e9e par le groupe Attijariwafa bank. Wafacash s\u2019est engag\u00e9e \u00e0 offrir \u00e0 sa client\u00e8le, bancaris\u00e9e ou non, la possibilit\u00e9 de r\u00e9aliser toutes les op\u00e9rations li\u00e9es au cash et \u00e0 accompagner les entreprises dans la r\u00e9alisation de leurs projets d\u2019avenir en toute s\u00e9r\u00e9nit\u00e9.<\/p>\n<p><strong>Lire aussi<\/strong> : <a href=\"https:\/\/ecomatin.net\/le-chiffre-daffaires-de-wafa-assurance-baisse-de-12-au-2e-trimestre-2020\/\">Le Chiffre de Wafa Assurance baisse de 12% au 2<sup>e<\/sup>\u00a0trimestre 2020<\/a><\/p>\n<div class=\"awac-wrapper awac widget posts-list-widget-11\">\n<h4 class=\"widget-title\">Le plus r\u00e9cent<\/h4>\n<\/div>\n<\/div>\n<p>Auteur: Eco Matin<br \/>\n<a href=\"https:\/\/ecomatin.net\/la-camerounaise-solange-yana-nommee-dg-de-wafacash-afrique-centrale\/\">Cliquez ici pour lire l&rsquo;article depuis sa source.<\/a><\/p>\n","protected":false},"excerpt":{"rendered":"<p>La nouvelle promue Wafacash Central Africa a un nouveau Directeur G\u00e9n\u00e9ral. Il s\u2019agit de Solange Yana. La camerounaise qui occupait jusqu\u2019ici le poste de Directeur g\u00e9n\u00e9ral Adjoint a \u00e9t\u00e9 promue au plus haut poste de responsabilit\u00e9 au sein de cette filiale du groupe bancaire marocain Attijariwafa Bank. En effet, c\u2019est en 2008 que cet auditeur [&hellip;]<\/p>\n","protected":false},"author":1969,"featured_media":101669,"comment_status":"closed","ping_status":"closed","sticky":false,"template":"","format":"standard","meta":{"fifu_image_url":"","fifu_image_alt":"","footnotes":""},"categories":[82,78],"tags":[],"class_list":["post-101668","post","type-post","status-publish","format-standard","has-post-thumbnail","hentry","category-cameroun","category-economie"],"_links":{"self":[{"href":"https:\/\/linitiative.ca\/International\/wp-json\/wp\/v2\/posts\/101668","targetHints":{"allow":["GET"]}}],"collection":[{"href":"https:\/\/linitiative.ca\/International\/wp-json\/wp\/v2\/posts"}],"about":[{"href":"https:\/\/linitiative.ca\/International\/wp-json\/wp\/v2\/types\/post"}],"author":[{"embeddable":true,"href":"https:\/\/linitiative.ca\/International\/wp-json\/wp\/v2\/users\/1969"}],"replies":[{"embeddable":true,"href":"https:\/\/linitiative.ca\/International\/wp-json\/wp\/v2\/comments?post=101668"}],"version-history":[{"count":0,"href":"https:\/\/linitiative.ca\/International\/wp-json\/wp\/v2\/posts\/101668\/revisions"}],"wp:featuredmedia":[{"embeddable":true,"href":"https:\/\/linitiative.ca\/International\/wp-json\/"}],"wp:attachment":[{"href":"https:\/\/linitiative.ca\/International\/wp-json\/wp\/v2\/media?parent=101668"}],"wp:term":[{"taxonomy":"category","embeddable":true,"href":"https:\/\/linitiative.ca\/International\/wp-json\/wp\/v2\/categories?post=101668"},{"taxonomy":"post_tag","embeddable":true,"href":"https:\/\/linitiative.ca\/International\/wp-json\/wp\/v2\/tags?post=101668"}],"curies":[{"name":"wp","href":"https:\/\/api.w.org\/{rel}","templated":true}]}}