{"id":101670,"date":"2020-10-13T12:41:48","date_gmt":"2020-10-13T16:41:48","guid":{"rendered":"https:\/\/linitiative.ca\/International\/formation-professionnelle-le-gicam-demande-des-comptes-au-minefop\/"},"modified":"2020-10-13T12:41:48","modified_gmt":"2020-10-13T16:41:48","slug":"formation-professionnelle-le-gicam-demande-des-comptes-au-minefop","status":"publish","type":"post","link":"https:\/\/linitiative.ca\/International\/formation-professionnelle-le-gicam-demande-des-comptes-au-minefop\/","title":{"rendered":"Formation professionnelle : le Gicam demande des comptes au Minefop"},"content":{"rendered":"<p>\u00abCe projet essentiel et strat\u00e9gique pour apporter une solution \u00e0 l\u2019\u00e9pineux probl\u00e8me de l\u2019emploi professionnel est plomb\u00e9 du fait du fiasco qu\u2019ont \u00e9t\u00e9 les interventions de l\u2019administration de tutelle, en l\u2019occurrence le Minefop. Cens\u00e9 prendre fin en 2019, ce projet n\u2019a pas connu de d\u00e9but de commencement \u00a0alors m\u00eame que les financements y aff\u00e9rent sont disponibles depuis 6 ans. En r\u00e9alit\u00e9, la date d\u2019utilisation des fonds arr\u00eat\u00e9e dans la convention d\u2019affectation va arriver \u00e0 son terme avant la construction des centres. On se pose la question de savoir ce qu\u2019il adviendra des centres si l\u2019AFD s\u2019en tient aux termes de la convention. A \u00a0travers un important engagement financier, on peut imaginer que le Gicam misait sur une \u00e9volution normale du projet sur une dur\u00e9e de 2 \u00e0 3 ans du moment o\u00f9 les financements sont disponibles\u00bb. Des propos de grande d\u00e9ception de C\u00e9lestin Tawamba, le Pr\u00e9sident du\u00a0Groupement inter patronal du Cameroun (Gicam).\u00a0<\/p>\n<p><strong>Lire aussi<\/strong> : <a href=\"https:\/\/ecomatin.net\/formation-emploi-le-gicam-denonce-la-formation-professionnelle\/\">Formation-emploi : le Gicam d\u00e9nonce la formation professionnelle<\/a><\/p>\n<p>Le projet gouvernemental \u00a0de construction des Centres de formation professionnelle sectoriels (Cfps) conna\u00eet \u00e9chec: \u00abun fiasco\u00bb, d\u2019apr\u00e8s C\u00e9lestin Tawamba. Mis en route depuis 2012 par la signature entre le Gicam et le minist\u00e8re de l\u2019Emploi et de la Formation professionnelle (Minefop), ce projet conna\u00eet un taux d\u2019ex\u00e9cution insignifiant. Sens\u00e9 prendre fin en 2019, la construction des Cfps a \u00e9galement b\u00e9n\u00e9fici\u00e9 de la signature d\u2019une convention de financement entre l\u2019Etat du Cameroun et l\u2019Agence fran\u00e7aise de d\u00e9veloppement (AFD), d\u2019un montant de 15.000.000 d\u2019euros, soit pr\u00e8s de 10 milliards de FCFA. Des fonds disponibles depuis 2015, selon C\u00e9lestin Tawamba. Le Gicam ayant particip\u00e9 \u00e0 hauteur de 42 millions de FCFA. Le projet C2D Cfps a heureusement \u00e9t\u00e9 prorog\u00e9 de 3 ans par l\u2019AFD. In extremis. Les centres de formation professionnelle sectoriels ont \u00e9t\u00e9 cr\u00e9\u00e9s, comme les centres de formation de m\u00e9tiers (CFM), les centres de formation professionnelle d\u2019excellence (Cfpe), pour arrimer le syst\u00e8me de formation professionnelle aux besoins en comp\u00e9tences de l\u2019\u00e9conomie nationale: \u00abIl s\u2019agit d\u2019un d\u00e9fi que nous devons relever ensemble. Qui mieux que vous, chefs d\u2019entreprises, capitaines d\u2019industries, cr\u00e9ateurs et producteurs de richesses, pour accompagner l\u2019Etat du Cameroun\u00bb, a indiqu\u00e9 Issa Tchiroma Bakary.\u00a0<\/p>\n<p><strong>Lire aussi<\/strong> : \u00a0<a href=\"https:\/\/ecomatin.net\/louis-paul-motaze-veut-auditer-le-programme-c2d-formation-professionnelle\/\">Louis Paul Motaze veut auditer le programme C2D de formation professionnelle<\/a><\/p>\n<p>Malgr\u00e9 l\u2019optimisme relatif d\u00e9gag\u00e9 par le repr\u00e9sentant du gouvernement, le Gicam rel\u00e8ve d\u2019importants probl\u00e8mes et dysfonctionnements. Le groupe patronal juge \u00abincompr\u00e9hensible\u00bb, le taux d\u2019ex\u00e9cution de 17% du projet C2D Cfps, 8 ans apr\u00e8s. Pareillement, le Gicam d\u00e9nonce l\u2019\u00e9norme retard pris sur la c\u00e9r\u00e9monie de pose de la premi\u00e8re \u00a0pierre. C\u00e9r\u00e9monie \u00ab chaque fois envisag\u00e9e et toujours remise \u00e0 plutard\u00bb, explique C\u00e9lestin Tawamba. Pis encore, certains march\u00e9s du projet ont \u00e9t\u00e9 attribu\u00e9s en mode gr\u00e9 \u00e0 gr\u00e9, puis suspendus en 2019.<\/p>\n<p>Malgr\u00e9 ce tableau sombre, le ministre de l\u2019Emploi et de la Formation professionnelle a \u00e9gren\u00e9 quelques r\u00e9ussites de son d\u00e9partement minist\u00e9riel dans le cadre de l\u2019emploi et de la formation professionnelle : il s\u2019agit de la construction et l\u2019\u00e9quipement de l\u2019Institut national \u00a0de formation des formateurs et de d\u00e9veloppement des programmes de Yaound\u00e9 \u00abdont l\u2019ambition est de positionner \u00a0comme le technop\u00f4le de r\u00e9f\u00e9rence en mati\u00e8re de formation des formateurs et de d\u00e9veloppement des programmes au niveau national, sous r\u00e9gional et r\u00e9gional\u00bb, clarifie le Minefop.<\/p>\n<p><strong>Lire aussi<\/strong> : \u00a0<a href=\"https:\/\/ecomatin.net\/le-pad-soutient-la-formation-professionnelle-des-jeunes\/\">Le PAD soutient la formation professionnelle des jeunes<\/a><\/p>\n<div class=\"awac-wrapper awac widget posts-list-widget-11\">\n<h4 class=\"widget-title\">Le plus r\u00e9cent<\/h4>\n<\/div>\n<p>Auteur: Eco Matin<br \/>\n<a href=\"https:\/\/ecomatin.net\/formation-professionnelle-le-gicam-demande-des-comptes-au-minefop\/\">Cliquez ici pour lire l&rsquo;article depuis sa source.<\/a><\/p>\n","protected":false},"excerpt":{"rendered":"<p>\u00abCe projet essentiel et strat\u00e9gique pour apporter une solution \u00e0 l\u2019\u00e9pineux probl\u00e8me de l\u2019emploi professionnel est plomb\u00e9 du fait du fiasco qu\u2019ont \u00e9t\u00e9 les interventions de l\u2019administration de tutelle, en l\u2019occurrence le Minefop. Cens\u00e9 prendre fin en 2019, ce projet n\u2019a pas connu de d\u00e9but de commencement \u00a0alors m\u00eame que les financements y aff\u00e9rent sont [&hellip;]<\/p>\n","protected":false},"author":1969,"featured_media":0,"comment_status":"closed","ping_status":"closed","sticky":false,"template":"","format":"standard","meta":{"fifu_image_url":"","fifu_image_alt":"","footnotes":""},"categories":[82,78],"tags":[],"class_list":["post-101670","post","type-post","status-publish","format-standard","hentry","category-cameroun","category-economie"],"_links":{"self":[{"href":"https:\/\/linitiative.ca\/International\/wp-json\/wp\/v2\/posts\/101670","targetHints":{"allow":["GET"]}}],"collection":[{"href":"https:\/\/linitiative.ca\/International\/wp-json\/wp\/v2\/posts"}],"about":[{"href":"https:\/\/linitiative.ca\/International\/wp-json\/wp\/v2\/types\/post"}],"author":[{"embeddable":true,"href":"https:\/\/linitiative.ca\/International\/wp-json\/wp\/v2\/users\/1969"}],"replies":[{"embeddable":true,"href":"https:\/\/linitiative.ca\/International\/wp-json\/wp\/v2\/comments?post=101670"}],"version-history":[{"count":0,"href":"https:\/\/linitiative.ca\/International\/wp-json\/wp\/v2\/posts\/101670\/revisions"}],"wp:attachment":[{"href":"https:\/\/linitiative.ca\/International\/wp-json\/wp\/v2\/media?parent=101670"}],"wp:term":[{"taxonomy":"category","embeddable":true,"href":"https:\/\/linitiative.ca\/International\/wp-json\/wp\/v2\/categories?post=101670"},{"taxonomy":"post_tag","embeddable":true,"href":"https:\/\/linitiative.ca\/International\/wp-json\/wp\/v2\/tags?post=101670"}],"curies":[{"name":"wp","href":"https:\/\/api.w.org\/{rel}","templated":true}]}}