{"id":101673,"date":"2020-10-14T10:00:40","date_gmt":"2020-10-14T14:00:40","guid":{"rendered":"https:\/\/linitiative.ca\/International\/sensibilisation-au-cancer-du-sein-ford-lance-the-warriors-in-pink-podcast\/"},"modified":"2020-10-14T10:00:40","modified_gmt":"2020-10-14T14:00:40","slug":"sensibilisation-au-cancer-du-sein-ford-lance-the-warriors-in-pink-podcast","status":"publish","type":"post","link":"https:\/\/linitiative.ca\/International\/sensibilisation-au-cancer-du-sein-ford-lance-the-warriors-in-pink-podcast\/","title":{"rendered":"Sensibilisation au cancer du sein : Ford lance The Warriors in Pink Podcast"},"content":{"rendered":"<header>\n<\/header>\n<div class=\"entry-content clearfix\" readability=\"52\"><img decoding=\"async\" class=\"post_layout_5_img\" src=\"http:\/\/aujourdhui.ma\/wp-content\/uploads\/2020\/10\/WIP.podcast.jpg\" alt=\"Sensibilisation au cancer du sein : Ford lance The Warriors in Pink Podcast\"\/><\/p>\n<p><strong>C\u2019est devenu une tradition chez Ford. La marque participe chaque octobre \u00e0 la campagne de sensibilisation au cancer du sein.<\/strong><span id=\"more-357812\"\/><\/p>\n<p>Une participation qui ne passe pas inaper\u00e7ue puisque Ford lance chaque ann\u00e9e un concept \u00e0 travers lequel elle raconte le parcours exceptionnel de personnes qui gr\u00e2ce \u00e0 leur courage et \u00e0 leur d\u00e9termination ont r\u00e9ussi \u00e0 vaincre cette maladie. Pour l\u2019\u00e9dition 2020, Ford cr\u00e9e \u00abThe Warriors in Pink Podcast\u00bb, une plateforme \u00e0 travers laquelle Ford Warriors in Pink tisse un nouveau lien entre toute personne atteinte d\u2019un cancer du sein. \u00abLa campagne Ford Warriors in Pink est devenue, au fil des ann\u00e9es, un programme essentiel \u00e0 travers la r\u00e9gion des March\u00e9s Directs de Ford et nous nous engageons \u00e0 fournir tout le soutien n\u00e9cessaire pour sensibiliser le public au cancer du sein\u00bb, a affirm\u00e9 Rasha Ghanem, directrice des Communications des March\u00e9s Directs, chez Ford Motor Company. Et de poursuivre que \u00abces mod\u00e8les de courage nous inspirent et nous rappellent que prendre la parole au sujet du cancer du sein et t\u00e9moigner de son exp\u00e9rience peut aider d\u2019autres patients et que cette prise de parole est en soi un acte militant pour la vie\u00bb.<\/p>\n<p>Ford fait intervenir cette ann\u00e9e quatre \u00abwarriors\u00bb pour parler de leur maladie et des d\u00e9fis auxquels elles ont d\u00fb faire face lorsqu\u2019elles ont \u00e9t\u00e9 confront\u00e9es \u00e0 leurs diagnostics. Elles partagent avec courage et authenticit\u00e9 chaque \u00e9tape de leur \u00e9preuve, leur parcours, leurs sentiments. Un r\u00e9cit qui relate le d\u00e9but de leur lutte jusqu\u2019\u00e0 leur victoire.<\/p>\n<\/div>\n<p>Auteur: ALM<br \/>\n<a href=\"https:\/\/aujourdhui.ma\/automobile\/sensibilisation-au-cancer-du-sein-ford-lance-the-warriors-in-pink-podcast\">Cliquez ici pour lire l&rsquo;article depuis sa source.<\/a><\/p>\n","protected":false},"excerpt":{"rendered":"<p>C\u2019est devenu une tradition chez Ford. La marque participe chaque octobre \u00e0 la campagne de sensibilisation au cancer du sein. Une participation qui ne passe pas inaper\u00e7ue puisque Ford lance chaque ann\u00e9e un concept \u00e0 travers lequel elle raconte le parcours exceptionnel de personnes qui gr\u00e2ce \u00e0 leur courage et \u00e0 leur d\u00e9termination ont r\u00e9ussi [&hellip;]<\/p>\n","protected":false},"author":1759,"featured_media":101674,"comment_status":"closed","ping_status":"closed","sticky":false,"template":"","format":"standard","meta":{"fifu_image_url":"","fifu_image_alt":"","footnotes":""},"categories":[73,54],"tags":[],"class_list":["post-101673","post","type-post","status-publish","format-standard","has-post-thumbnail","hentry","category-actualite","category-maroc"],"_links":{"self":[{"href":"https:\/\/linitiative.ca\/International\/wp-json\/wp\/v2\/posts\/101673","targetHints":{"allow":["GET"]}}],"collection":[{"href":"https:\/\/linitiative.ca\/International\/wp-json\/wp\/v2\/posts"}],"about":[{"href":"https:\/\/linitiative.ca\/International\/wp-json\/wp\/v2\/types\/post"}],"author":[{"embeddable":true,"href":"https:\/\/linitiative.ca\/International\/wp-json\/wp\/v2\/users\/1759"}],"replies":[{"embeddable":true,"href":"https:\/\/linitiative.ca\/International\/wp-json\/wp\/v2\/comments?post=101673"}],"version-history":[{"count":0,"href":"https:\/\/linitiative.ca\/International\/wp-json\/wp\/v2\/posts\/101673\/revisions"}],"wp:featuredmedia":[{"embeddable":true,"href":"https:\/\/linitiative.ca\/International\/wp-json\/"}],"wp:attachment":[{"href":"https:\/\/linitiative.ca\/International\/wp-json\/wp\/v2\/media?parent=101673"}],"wp:term":[{"taxonomy":"category","embeddable":true,"href":"https:\/\/linitiative.ca\/International\/wp-json\/wp\/v2\/categories?post=101673"},{"taxonomy":"post_tag","embeddable":true,"href":"https:\/\/linitiative.ca\/International\/wp-json\/wp\/v2\/tags?post=101673"}],"curies":[{"name":"wp","href":"https:\/\/api.w.org\/{rel}","templated":true}]}}