{"id":101675,"date":"2020-10-14T10:32:17","date_gmt":"2020-10-14T14:32:17","guid":{"rendered":"https:\/\/linitiative.ca\/International\/carlos-ghosn-va-participer-a-un-documentaire-et-une-mini-serie-sur-sa-vie\/"},"modified":"2020-10-14T10:32:17","modified_gmt":"2020-10-14T14:32:17","slug":"carlos-ghosn-va-participer-a-un-documentaire-et-une-mini-serie-sur-sa-vie","status":"publish","type":"post","link":"https:\/\/linitiative.ca\/International\/carlos-ghosn-va-participer-a-un-documentaire-et-une-mini-serie-sur-sa-vie\/","title":{"rendered":"Carlos Ghosn va participer \u00e0 un  documentaire et une mini-s\u00e9rie  sur sa vie"},"content":{"rendered":"<header>\n<\/header>\n<div class=\"entry-content clearfix\" readability=\"53\"><img decoding=\"async\" class=\"post_layout_5_img\" src=\"http:\/\/aujourdhui.ma\/wp-content\/uploads\/2020\/10\/Carlos-Ghosn-va-participer-.jpg\" alt=\"Carlos Ghosn va participer &#xE0; un documentaire et une mini-s&#xE9;rie sur sa vie\"\/><\/p>\n<p><strong>Carlos Ghosn et son \u00e9pouse Carole vont participer \u00e0 un documentaire et \u00e0 une mini-s\u00e9rie sur l\u2019ex-PDG de Renault-Nissan, ont annonc\u00e9 lundi les producteurs fran\u00e7ais (Alef One) et saoudien (MBC) qui veulent d\u00e9velopper ce double projet.<\/strong><span id=\"more-357818\"\/><\/p>\n<p>La soci\u00e9t\u00e9 de production fran\u00e7aise Alef One, cofond\u00e9e par l\u2019animateur et producteur Arthur et la productrice Nora Melhli, et MBC Studios, filiale du groupe saoudien de t\u00e9l\u00e9vision MBC, ont d\u00e9voil\u00e9 lundi un partenariat exclusif autour de ce documentaire et de cette mini-s\u00e9rie, sur le magnat d\u00e9chu de l\u2019industrie automobile. Dirig\u00e9es par Nora Melhli (\u00abL\u2019Affaire Villemin\u00bb, \u00abRiviera\u00bb, \u00abLes M\u00e9dicis\u00bb\u2026), \u00ables deux productions comprendront des contributions exclusives de Carlos et Carole Ghosn\u00bb, ont assur\u00e9 les partenaires de ce tandem franco-saoudien. \u00abAvec des \u00e9quipes cr\u00e9atives de renomm\u00e9e mondiale, le documentaire et la mini-s\u00e9rie raconteront le parcours de Carlos Ghosn, de son statut d\u2019un des plus puissants patrons de l\u2019industrie automobile \u00e0 celui de fugitif le plus recherch\u00e9 du Japon depuis sa fuite pour le Liban, son lieu de r\u00e9sidence actuel\u00bb, ont ajout\u00e9 les producteurs.<\/p>\n<\/div>\n<p>Auteur: ALM<br \/>\n<a href=\"https:\/\/aujourdhui.ma\/automobile\/carlos-ghosn-va-participer-a-un-documentaire-et-une-mini-serie-sur-sa-vie\">Cliquez ici pour lire l&rsquo;article depuis sa source.<\/a><\/p>\n","protected":false},"excerpt":{"rendered":"<p>Carlos Ghosn et son \u00e9pouse Carole vont participer \u00e0 un documentaire et \u00e0 une mini-s\u00e9rie sur l\u2019ex-PDG de Renault-Nissan, ont annonc\u00e9 lundi les producteurs fran\u00e7ais (Alef One) et saoudien (MBC) qui veulent d\u00e9velopper ce double projet. La soci\u00e9t\u00e9 de production fran\u00e7aise Alef One, cofond\u00e9e par l\u2019animateur et producteur Arthur et la productrice Nora Melhli, et [&hellip;]<\/p>\n","protected":false},"author":1759,"featured_media":101676,"comment_status":"closed","ping_status":"closed","sticky":false,"template":"","format":"standard","meta":{"fifu_image_url":"","fifu_image_alt":"","footnotes":""},"categories":[73,54],"tags":[],"class_list":["post-101675","post","type-post","status-publish","format-standard","has-post-thumbnail","hentry","category-actualite","category-maroc"],"_links":{"self":[{"href":"https:\/\/linitiative.ca\/International\/wp-json\/wp\/v2\/posts\/101675","targetHints":{"allow":["GET"]}}],"collection":[{"href":"https:\/\/linitiative.ca\/International\/wp-json\/wp\/v2\/posts"}],"about":[{"href":"https:\/\/linitiative.ca\/International\/wp-json\/wp\/v2\/types\/post"}],"author":[{"embeddable":true,"href":"https:\/\/linitiative.ca\/International\/wp-json\/wp\/v2\/users\/1759"}],"replies":[{"embeddable":true,"href":"https:\/\/linitiative.ca\/International\/wp-json\/wp\/v2\/comments?post=101675"}],"version-history":[{"count":0,"href":"https:\/\/linitiative.ca\/International\/wp-json\/wp\/v2\/posts\/101675\/revisions"}],"wp:featuredmedia":[{"embeddable":true,"href":"https:\/\/linitiative.ca\/International\/wp-json\/"}],"wp:attachment":[{"href":"https:\/\/linitiative.ca\/International\/wp-json\/wp\/v2\/media?parent=101675"}],"wp:term":[{"taxonomy":"category","embeddable":true,"href":"https:\/\/linitiative.ca\/International\/wp-json\/wp\/v2\/categories?post=101675"},{"taxonomy":"post_tag","embeddable":true,"href":"https:\/\/linitiative.ca\/International\/wp-json\/wp\/v2\/tags?post=101675"}],"curies":[{"name":"wp","href":"https:\/\/api.w.org\/{rel}","templated":true}]}}