{"id":101677,"date":"2020-10-14T11:00:11","date_gmt":"2020-10-14T15:00:11","guid":{"rendered":"https:\/\/linitiative.ca\/International\/primes-et-bornes-une-batterie-de-mesures-pour-electriser-le-marche-francais-de-lautomobile\/"},"modified":"2020-10-14T11:00:11","modified_gmt":"2020-10-14T15:00:11","slug":"primes-et-bornes-une-batterie-de-mesures-pour-electriser-le-marche-francais-de-lautomobile","status":"publish","type":"post","link":"https:\/\/linitiative.ca\/International\/primes-et-bornes-une-batterie-de-mesures-pour-electriser-le-marche-francais-de-lautomobile\/","title":{"rendered":"Primes et bornes : Une batterie de mesures pour \u00e9lectriser le march\u00e9 fran\u00e7ais de l\u2019automobile"},"content":{"rendered":"<header>\n<\/header>\n<div class=\"entry-content clearfix\" readability=\"50\"><img decoding=\"async\" class=\"post_layout_5_img\" src=\"http:\/\/aujourdhui.ma\/wp-content\/uploads\/2020\/10\/Une-batterie-de-mesures-pour-electriser-.jpg\" alt=\"Primes et bornes : Une batterie de mesures pour &#xE9;lectriser le march&#xE9; fran&#xE7;ais de l&#x2019;automobile\"\/><\/p>\n<p><strong>Prime \u00e0 la transition, 1.000 euros pour une \u00e9lectrique d\u2019occasion et 100.000 bornes de recharge sur le territoire :<\/strong><span id=\"more-357815\"\/><\/p>\n<p>le minist\u00e8re fran\u00e7ais de la transition \u00e9cologique a donn\u00e9 lundi un coup d\u2019acc\u00e9l\u00e9rateur au march\u00e9 des voitures \u00e9lectriques. \u00abPour acc\u00e9l\u00e9rer le passage \u00e0 l\u2019\u00e9lectrique, nous allons jouer sur deux leviers : faciliter l\u2019acquisition d\u2019un v\u00e9hicule \u00e9lectrique et faciliter son utilisation\u00bb, a r\u00e9sum\u00e9 la ministre Barbara Pompili lors d\u2019une conf\u00e9rence de presse. Une aide de 1.000 euros va \u00eatre cr\u00e9\u00e9e pour l\u2019achat d\u2019un v\u00e9hicule \u00e9lectrique d\u2019occasion, une cat\u00e9gorie jusqu\u2019ici exclue du bonus \u00e9cologique, a annonc\u00e9 de son c\u00f4t\u00e9 le ministre d\u00e9l\u00e9gu\u00e9 aux transports Jean-Baptiste Djebbari. Ce coup de pouce, accessible sans conditions de ressources, doit \u00abpermettre aux m\u00e9nages les moins ais\u00e9s d\u2019avoir acc\u00e8s \u00e0 l\u2019\u00e9lectrique\u00bb, a d\u00e9clar\u00e9 le ministre. \u00abLes constructeurs ont aujourd\u2019hui des offres performantes qui commencent \u00e0 \u00eatre abordables\u00bb, a-t-il soulign\u00e9. Citro\u00ebn, Renault, Volkswagen, Nissan ou encore Tesla \u00e9taient venus pr\u00e9senter leurs derniers mod\u00e8les \u00e9lectriques au minist\u00e8re.<\/p>\n<\/div>\n<p>Auteur: ALM<br \/>\n<a href=\"https:\/\/aujourdhui.ma\/automobile\/primes-et-bornes-une-batterie-de-mesures-pour-electriser-le-marche-francais-de-lautomobile\">Cliquez ici pour lire l&rsquo;article depuis sa source.<\/a><\/p>\n","protected":false},"excerpt":{"rendered":"<p>Prime \u00e0 la transition, 1.000 euros pour une \u00e9lectrique d\u2019occasion et 100.000 bornes de recharge sur le territoire : le minist\u00e8re fran\u00e7ais de la transition \u00e9cologique a donn\u00e9 lundi un coup d\u2019acc\u00e9l\u00e9rateur au march\u00e9 des voitures \u00e9lectriques. \u00abPour acc\u00e9l\u00e9rer le passage \u00e0 l\u2019\u00e9lectrique, nous allons jouer sur deux leviers : faciliter l\u2019acquisition d\u2019un v\u00e9hicule \u00e9lectrique [&hellip;]<\/p>\n","protected":false},"author":1759,"featured_media":101678,"comment_status":"closed","ping_status":"closed","sticky":false,"template":"","format":"standard","meta":{"fifu_image_url":"","fifu_image_alt":"","footnotes":""},"categories":[73,54],"tags":[],"class_list":["post-101677","post","type-post","status-publish","format-standard","has-post-thumbnail","hentry","category-actualite","category-maroc"],"_links":{"self":[{"href":"https:\/\/linitiative.ca\/International\/wp-json\/wp\/v2\/posts\/101677","targetHints":{"allow":["GET"]}}],"collection":[{"href":"https:\/\/linitiative.ca\/International\/wp-json\/wp\/v2\/posts"}],"about":[{"href":"https:\/\/linitiative.ca\/International\/wp-json\/wp\/v2\/types\/post"}],"author":[{"embeddable":true,"href":"https:\/\/linitiative.ca\/International\/wp-json\/wp\/v2\/users\/1759"}],"replies":[{"embeddable":true,"href":"https:\/\/linitiative.ca\/International\/wp-json\/wp\/v2\/comments?post=101677"}],"version-history":[{"count":0,"href":"https:\/\/linitiative.ca\/International\/wp-json\/wp\/v2\/posts\/101677\/revisions"}],"wp:featuredmedia":[{"embeddable":true,"href":"https:\/\/linitiative.ca\/International\/wp-json\/"}],"wp:attachment":[{"href":"https:\/\/linitiative.ca\/International\/wp-json\/wp\/v2\/media?parent=101677"}],"wp:term":[{"taxonomy":"category","embeddable":true,"href":"https:\/\/linitiative.ca\/International\/wp-json\/wp\/v2\/categories?post=101677"},{"taxonomy":"post_tag","embeddable":true,"href":"https:\/\/linitiative.ca\/International\/wp-json\/wp\/v2\/tags?post=101677"}],"curies":[{"name":"wp","href":"https:\/\/api.w.org\/{rel}","templated":true}]}}