{"id":101679,"date":"2020-10-14T11:24:23","date_gmt":"2020-10-14T15:24:23","guid":{"rendered":"https:\/\/linitiative.ca\/International\/covid-19-le-ministere-de-la-sante-veut-reduire-le-taux-de-reproduction-du-virus-a-07\/"},"modified":"2020-10-14T11:24:23","modified_gmt":"2020-10-14T15:24:23","slug":"covid-19-le-ministere-de-la-sante-veut-reduire-le-taux-de-reproduction-du-virus-a-07","status":"publish","type":"post","link":"https:\/\/linitiative.ca\/International\/covid-19-le-ministere-de-la-sante-veut-reduire-le-taux-de-reproduction-du-virus-a-07\/","title":{"rendered":"Covid-19 : Le minist\u00e8re de la sant\u00e9 veut r\u00e9duire le taux de reproduction du virus \u00e0 0,7%"},"content":{"rendered":"<p><img decoding=\"async\" class=\"post_layout_5_img\" src=\"http:\/\/aujourdhui.ma\/wp-content\/uploads\/2020\/06\/Covid-19-Coronavirus.jpg\" alt=\"Covid-19 : Le minist&#xE8;re de la sant&#xE9; veut r&#xE9;duire le taux de reproduction du virus &#xE0; 0,7%\"\/><\/p>\n<p><span class=\"c5\"><strong>Le R0 se situe entre 0,98 et 1,2% en moyenne du 29 septembre au 12 octobre<\/strong><\/span><br \/><span id=\"more-357850\"\/><\/p>\n<p>Le minist\u00e8re de la sant\u00e9 a livr\u00e9 le mardi 13 octobre son bilan bimensuel sur l\u2019\u00e9volution de la situation \u00e9pid\u00e9miologique li\u00e9e \u00e0 la Covid-19 dans le pays. Le Plan national de veille et de riposte \u00e0 l\u2019infection par le coronavirus vise \u00e0 r\u00e9duire le taux de reproduction du virus \u00e0 0,7% dans l\u2019ensemble des r\u00e9gions du Royaume. Le chef de la division des maladies ambulatoires \u00e0 la Direction de l\u2019\u00e9pid\u00e9miologie et de lutte contre les maladies, Abdelkrim Meziane Belfkih, a indiqu\u00e9 que durant la p\u00e9riode allant du 29 septembre au 12 octobre, le taux de reproduction se situe entre 0,98 et 1,2% en moyenne.<\/p>\n<p>Concernant la situation \u00e9pid\u00e9miologique durant cette p\u00e9riode, M. Belfkih a affirm\u00e9 que le nombre de cas de coronavirus enregistr\u00e9s au 12 octobre 2020 a atteint 153.761 cas, soit 423,4 cas en moyenne pour 100.000 habitants. Quant au nombre des d\u00e9c\u00e8s, celui-ci a grimp\u00e9 \u00e0 2.636 cas, soit une moyenne de 1,7%. Pour sa part, le taux de r\u00e9mission avoisine 84,2% du total des cas enregistr\u00e9s.<\/p>\n<p>L\u2019analyse des cas enregistr\u00e9s lors des 45 derniers jours r\u00e9partis sur trois phases (1er au 14 septembre, 15 au 28 septembre, 29 septembre au 12 octobre) montre une hausse notable de la moyenne des cas enregistr\u00e9s tous les 15 jours en passant de 25.613 cas lors de la premi\u00e8re moiti\u00e9 du mois de septembre \u00e0 30.904 cas durant la deuxi\u00e8me moiti\u00e9 du m\u00eame mois, ce qui repr\u00e9sente une progression de 21%, puis \u00e0 34.654 cas au cours de la premi\u00e8re quinzaine d\u2019octobre (+12%). S\u2019agissant des d\u00e9c\u00e8s, M. Belfkih a signal\u00e9 que la moyenne bimensuelle est rest\u00e9e stable \u00e0 500 cas de d\u00e9c\u00e8s lors de ces trois phases, et ce, durant les premi\u00e8res quinzaines de chaque mois, avec une augmentation sensible de 5% durant les deux derni\u00e8res semaines. Pour ce qui est du taux d\u2019incidence hebdomadaire pour chaque 100.000 habitants, il a indiqu\u00e9 que les r\u00e9gions de Tanger-T\u00e9touan-Al Hoceima et F\u00e8s-Mekn\u00e8s ont enregistr\u00e9 une moyenne ne d\u00e9passant pas 20% pour chaque 100.000 habitants.<\/p>\n<p>Cela dit, sept r\u00e9gions ont enregistr\u00e9 une moyenne hebdomadaire situ\u00e9e entre 20 et 50 cas pour chaque 100.000 habitants, alors que trois r\u00e9gions continuent d\u2019enregistrer des moyennes d\u00e9passant les 50 cas pour 100.000 habitants, \u00e0 savoir les r\u00e9gions de Casablanca-Settat, Souss-Massa et Dakhla-Oued Eddahab. S\u2019agissant de l\u2019\u00e9volution hebdomadaire du nombre des tests, il a relev\u00e9 que les chiffres et les indicateurs montrent que le Maroc continue \u00e0 occuper la deuxi\u00e8me place en Afrique et la 31\u00e8me au niveau mondial, avec plus de 166.000 tests par semaine, soit une moyenne quotidienne de 23.700 tests. S\u2019agissant de la situation \u00e9pid\u00e9miologique du Maroc au niveau mondial, le Royaume s\u2019est hiss\u00e9 d\u2019une place en ce qui concerne le nombre des cas positifs (30\u00e8me mondial et 2\u00e8me au niveau continental), et de trois places pour ce qui est du nombre des d\u00e9c\u00e8s (36\u00e8me mondial et 3\u00e8me en Afrique), alors que le classement du Royaume en termes des tests n\u2019a connu aucun changement (31\u00e8me mondial et 2\u00e8me en Afrique).<\/p>\n<p>Auteur: ALM<br \/>\n<a href=\"https:\/\/aujourdhui.ma\/societe\/covid-19-le-ministere-de-la-sante-veut-reduire-le-taux-de-reproduction-du-virus-a-07\">Cliquez ici pour lire l&rsquo;article depuis sa source.<\/a><\/p>\n","protected":false},"excerpt":{"rendered":"<p>Le R0 se situe entre 0,98 et 1,2% en moyenne du 29 septembre au 12 octobre Le minist\u00e8re de la sant\u00e9 a livr\u00e9 le mardi 13 octobre son bilan bimensuel sur l\u2019\u00e9volution de la situation \u00e9pid\u00e9miologique li\u00e9e \u00e0 la Covid-19 dans le pays. Le Plan national de veille et de riposte \u00e0 l\u2019infection par le [&hellip;]<\/p>\n","protected":false},"author":1759,"featured_media":101680,"comment_status":"closed","ping_status":"closed","sticky":false,"template":"","format":"standard","meta":{"fifu_image_url":"","fifu_image_alt":"","footnotes":""},"categories":[73,54],"tags":[],"class_list":["post-101679","post","type-post","status-publish","format-standard","has-post-thumbnail","hentry","category-actualite","category-maroc"],"_links":{"self":[{"href":"https:\/\/linitiative.ca\/International\/wp-json\/wp\/v2\/posts\/101679","targetHints":{"allow":["GET"]}}],"collection":[{"href":"https:\/\/linitiative.ca\/International\/wp-json\/wp\/v2\/posts"}],"about":[{"href":"https:\/\/linitiative.ca\/International\/wp-json\/wp\/v2\/types\/post"}],"author":[{"embeddable":true,"href":"https:\/\/linitiative.ca\/International\/wp-json\/wp\/v2\/users\/1759"}],"replies":[{"embeddable":true,"href":"https:\/\/linitiative.ca\/International\/wp-json\/wp\/v2\/comments?post=101679"}],"version-history":[{"count":0,"href":"https:\/\/linitiative.ca\/International\/wp-json\/wp\/v2\/posts\/101679\/revisions"}],"wp:featuredmedia":[{"embeddable":true,"href":"https:\/\/linitiative.ca\/International\/wp-json\/"}],"wp:attachment":[{"href":"https:\/\/linitiative.ca\/International\/wp-json\/wp\/v2\/media?parent=101679"}],"wp:term":[{"taxonomy":"category","embeddable":true,"href":"https:\/\/linitiative.ca\/International\/wp-json\/wp\/v2\/categories?post=101679"},{"taxonomy":"post_tag","embeddable":true,"href":"https:\/\/linitiative.ca\/International\/wp-json\/wp\/v2\/tags?post=101679"}],"curies":[{"name":"wp","href":"https:\/\/api.w.org\/{rel}","templated":true}]}}