{"id":101683,"date":"2020-10-14T09:44:13","date_gmt":"2020-10-14T13:44:13","guid":{"rendered":"https:\/\/linitiative.ca\/International\/lallemagne-et-la-suisse-se-neutralisent\/"},"modified":"2020-10-14T09:44:13","modified_gmt":"2020-10-14T13:44:13","slug":"lallemagne-et-la-suisse-se-neutralisent","status":"publish","type":"post","link":"https:\/\/linitiative.ca\/International\/lallemagne-et-la-suisse-se-neutralisent\/","title":{"rendered":"L\u2019Allemagne et la Suisse se neutralisent"},"content":{"rendered":"<p class=\"has-text-color has-vivid-cyan-blue-color\"><strong><br \/>La s\u00e9lection allemande de football a \u00e9t\u00e9 tenue en \u00e9chec par la Suisse (3-3) en Ligue des Nations (groupe 4).<\/strong><\/p>\n<p>Ce nul permet toutefois aux co\u00e9quipiers de Manuel Neuer de revenir \u00e0 un point de l\u2019Espagne, apr\u00e8s la d\u00e9faite surprise de la Roja en Ukraine (1-0).<\/p>\n<p>La Suisse a d\u2019abord cueilli \u00e0 froid les Allemands en menant 2-0 par Mario Gavranovic (5e) et Remo Freuler (26e), avant que les Allemands ne marquent deux buts par Timo Werner (2-1, 28e) et Kai Havertz (55e).<\/p>\n<p>La Suisse a repris l\u2019avantage par Gavranovic (57e) avant que Serge Gnabry n\u2019arrache le nul (60e).<\/p>\n<p>Auteur: M&rsquo;hammed rahal<br \/>\n<a href=\"http:\/\/albayane.press.ma\/lallemagne-et-la-suisse-se-neutralisent.html\">Cliquez ici pour lire l&rsquo;article depuis sa source.<\/a><\/p>\n","protected":false},"excerpt":{"rendered":"<p>La s\u00e9lection allemande de football a \u00e9t\u00e9 tenue en \u00e9chec par la Suisse (3-3) en Ligue des Nations (groupe 4). Ce nul permet toutefois aux co\u00e9quipiers de Manuel Neuer de revenir \u00e0 un point de l\u2019Espagne, apr\u00e8s la d\u00e9faite surprise de la Roja en Ukraine (1-0). La Suisse a d\u2019abord cueilli \u00e0 froid les Allemands [&hellip;]<\/p>\n","protected":false},"author":1760,"featured_media":0,"comment_status":"closed","ping_status":"closed","sticky":false,"template":"","format":"standard","meta":{"fifu_image_url":"","fifu_image_alt":"","footnotes":""},"categories":[73,54],"tags":[],"class_list":["post-101683","post","type-post","status-publish","format-standard","hentry","category-actualite","category-maroc"],"_links":{"self":[{"href":"https:\/\/linitiative.ca\/International\/wp-json\/wp\/v2\/posts\/101683","targetHints":{"allow":["GET"]}}],"collection":[{"href":"https:\/\/linitiative.ca\/International\/wp-json\/wp\/v2\/posts"}],"about":[{"href":"https:\/\/linitiative.ca\/International\/wp-json\/wp\/v2\/types\/post"}],"author":[{"embeddable":true,"href":"https:\/\/linitiative.ca\/International\/wp-json\/wp\/v2\/users\/1760"}],"replies":[{"embeddable":true,"href":"https:\/\/linitiative.ca\/International\/wp-json\/wp\/v2\/comments?post=101683"}],"version-history":[{"count":0,"href":"https:\/\/linitiative.ca\/International\/wp-json\/wp\/v2\/posts\/101683\/revisions"}],"wp:attachment":[{"href":"https:\/\/linitiative.ca\/International\/wp-json\/wp\/v2\/media?parent=101683"}],"wp:term":[{"taxonomy":"category","embeddable":true,"href":"https:\/\/linitiative.ca\/International\/wp-json\/wp\/v2\/categories?post=101683"},{"taxonomy":"post_tag","embeddable":true,"href":"https:\/\/linitiative.ca\/International\/wp-json\/wp\/v2\/tags?post=101683"}],"curies":[{"name":"wp","href":"https:\/\/api.w.org\/{rel}","templated":true}]}}