{"id":101686,"date":"2020-10-14T09:53:11","date_gmt":"2020-10-14T13:53:11","guid":{"rendered":"https:\/\/linitiative.ca\/International\/cristiano-ronaldo-teste-positif-au-coronavirus\/"},"modified":"2020-10-14T09:53:11","modified_gmt":"2020-10-14T13:53:11","slug":"cristiano-ronaldo-teste-positif-au-coronavirus","status":"publish","type":"post","link":"https:\/\/linitiative.ca\/International\/cristiano-ronaldo-teste-positif-au-coronavirus\/","title":{"rendered":"Cristiano Ronaldo test\u00e9 positif au coronavirus"},"content":{"rendered":"<p class=\"has-text-color c2\"><strong>Neymar, Mbapp\u00e9, Ibrahimovic\u2026 et maintenant \u00abCR7\u00bb. Cristiano Ronaldo est le dernier footballeur vedette test\u00e9 positif au coronavirus mardi, laissant le Portugal et son club la Juventus Turin avec un vide handicapant en attaque.<\/strong><\/p>\n<p>Depuis l\u2019arriv\u00e9e de l\u2019\u00e9quipe, \u00abnous faisons des tests tous les jours\u00bb, a expliqu\u00e9 Fernando Santos lors de la conf\u00e9rence qui a suivi l\u2019entra\u00eenement de l\u2019\u00e9quipe \u00e0 Oeiras, dans la p\u00e9riph\u00e9rie de Lisbonne, initialement pr\u00e9vu mardi matin mais qui a \u00e9t\u00e9 report\u00e9e apr\u00e8s le test positif de Ronaldo.<\/p>\n<p>Depuis une semaine, les joueurs et l\u2019\u00e9quipe technique \u00abvivent dans une bulle\u00bb, a-t-il indiqu\u00e9 pr\u00e9cisant que \u00abCR7\u00bb avait r\u00e9p\u00e9t\u00e9 le test de d\u00e9pistage mardi matin pour confirmer un premier r\u00e9sultat.<\/p>\n<p>CR7 est le troisi\u00e8me joueur \u00e0 attraper le coronavirus dans cette fen\u00eatre internationale de deux semaines, apr\u00e8s le d\u00e9fenseur Jos\u00e9 Fonte (Lille) et le gardien Anthony Lopes (Lyon).<\/p>\n<p>Les autres joueurs de le Sele\u00e7ao, test\u00e9s mardi matin, \u00absont tous n\u00e9gatifs\u00bb, a pr\u00e9cis\u00e9 Fernando Santos. Tout comme ceux de l\u2019\u00e9quipe de France, qui ont affront\u00e9 les Portugais deux jours plus t\u00f4t (0-0) et sont arriv\u00e9s mardi en Croatie, selon la F\u00e9d\u00e9ration fran\u00e7aise.<\/p>\n<p>Mais c\u2019est surtout pour la Juventus Turin, o\u00f9 Cristiano Ronaldo a d\u00e9j\u00e0 marqu\u00e9 trois buts et d\u00e9livr\u00e9 une passe d\u00e9cisive en\u2026 deux journ\u00e9es de Championnat, que ce test positif est un coup dur.<\/p>\n<p>Selon le protocole sanitaire en vigueur en Italie, le quintuple Ballon d\u2019Or doit en effet rester \u00e0 l\u2019isolement pendant dix jours et fournir ensuite un test n\u00e9gatif pour pouvoir recommencer \u00e0 jouer.<\/p>\n<p>Il va donc manquer avec certitude le prochain match de Serie A, \u00e0 Crotone, mais surtout l\u2019entr\u00e9e en lice de la \u00abVecchia Signora\u00bb en Ligue des champions, contre le Dynamo Kiev (mardi 20).<\/p>\n<p>Auteur: M&rsquo;hammed rahal<br \/>\n<a href=\"http:\/\/albayane.press.ma\/cristiano-ronaldo-teste-positif-au-coronavirus.html\">Cliquez ici pour lire l&rsquo;article depuis sa source.<\/a><\/p>\n","protected":false},"excerpt":{"rendered":"<p>Neymar, Mbapp\u00e9, Ibrahimovic\u2026 et maintenant \u00abCR7\u00bb. Cristiano Ronaldo est le dernier footballeur vedette test\u00e9 positif au coronavirus mardi, laissant le Portugal et son club la Juventus Turin avec un vide handicapant en attaque. Depuis l\u2019arriv\u00e9e de l\u2019\u00e9quipe, \u00abnous faisons des tests tous les jours\u00bb, a expliqu\u00e9 Fernando Santos lors de la conf\u00e9rence qui a suivi [&hellip;]<\/p>\n","protected":false},"author":1760,"featured_media":0,"comment_status":"closed","ping_status":"closed","sticky":false,"template":"","format":"standard","meta":{"fifu_image_url":"","fifu_image_alt":"","footnotes":""},"categories":[73,54],"tags":[],"class_list":["post-101686","post","type-post","status-publish","format-standard","hentry","category-actualite","category-maroc"],"_links":{"self":[{"href":"https:\/\/linitiative.ca\/International\/wp-json\/wp\/v2\/posts\/101686","targetHints":{"allow":["GET"]}}],"collection":[{"href":"https:\/\/linitiative.ca\/International\/wp-json\/wp\/v2\/posts"}],"about":[{"href":"https:\/\/linitiative.ca\/International\/wp-json\/wp\/v2\/types\/post"}],"author":[{"embeddable":true,"href":"https:\/\/linitiative.ca\/International\/wp-json\/wp\/v2\/users\/1760"}],"replies":[{"embeddable":true,"href":"https:\/\/linitiative.ca\/International\/wp-json\/wp\/v2\/comments?post=101686"}],"version-history":[{"count":0,"href":"https:\/\/linitiative.ca\/International\/wp-json\/wp\/v2\/posts\/101686\/revisions"}],"wp:attachment":[{"href":"https:\/\/linitiative.ca\/International\/wp-json\/wp\/v2\/media?parent=101686"}],"wp:term":[{"taxonomy":"category","embeddable":true,"href":"https:\/\/linitiative.ca\/International\/wp-json\/wp\/v2\/categories?post=101686"},{"taxonomy":"post_tag","embeddable":true,"href":"https:\/\/linitiative.ca\/International\/wp-json\/wp\/v2\/tags?post=101686"}],"curies":[{"name":"wp","href":"https:\/\/api.w.org\/{rel}","templated":true}]}}