{"id":101687,"date":"2020-10-14T10:06:41","date_gmt":"2020-10-14T14:06:41","guid":{"rendered":"https:\/\/linitiative.ca\/International\/a-quand-leclaircie-du-tourisme-a-agadir\/"},"modified":"2020-10-14T10:06:41","modified_gmt":"2020-10-14T14:06:41","slug":"a-quand-leclaircie-du-tourisme-a-agadir","status":"publish","type":"post","link":"https:\/\/linitiative.ca\/International\/a-quand-leclaircie-du-tourisme-a-agadir\/","title":{"rendered":"A quand l\u2019\u00e9claircie du tourisme \u00e0 Agadir?"},"content":{"rendered":"<p class=\"has-text-color c2\"><strong>Alors que Marrakech sort progressivement du tunnel, Agadir semble avoir beaucoup de peine \u00e0 larguer les amarres. Apr\u00e8s une inertie de plusieurs mois, la cit\u00e9 ocre respire de l\u2019air, en accueillant les premiers h\u00f4tes d\u2019outre-mer. Son pareil baln\u00e9aire chasse encore les mouches de l\u2019oisivet\u00e9 macabre.<\/strong><\/p>\n<p>En fait, une multitude de structures h\u00f4teli\u00e8res de renom ferme boutique, au d\u00e9plaisir des op\u00e9rateurs mis \u00e0 mal par effets pand\u00e9miques. Apr\u00e8s le passage laconique des concitoyens, lors de la p\u00e9riode estivale \u00e9court\u00e9e, g\u00e9n\u00e9rant tout de m\u00eame, une embellie \u00e9ph\u00e9m\u00e8re, le secteur se confine aussit\u00f4t, dans l\u2019expectative. La lueur d\u2019espoir que nourrissaient les professionnels du secteur, toutes cat\u00e9gories confondues, se faiblit en ce d\u00e9but de saison hivernale.<\/p>\n<p>Le ciel est encore cadenass\u00e9, depuis le verrouillage des fronti\u00e8res, il y a environs sept mois, en plus de l\u2019\u00e9tat d\u2019urgence auquel on fut soumis, d\u00e8s l\u2019apparition de l\u2019\u00e9pid\u00e9mie sur l\u2019ensemble du royaume.<\/p>\n<p>Aussi bien le promoteur a\u00e9rien national que les compagnies low-cost restent pour l\u2019instant, muets aux aspirations de plus en plus, avort\u00e9es par la conjoncture actuelle. La reprise se fait cruellement attendre dans la destination, toujours en qu\u00eate d\u2019une r\u00e9elle relance, puisque les demandes se font rares, en ces temps beaucoup plus cl\u00e9ments qu\u2019en Europe, en particulier.<\/p>\n<p>Hormis le tourisme de business qui se d\u00e9ploie relativement mieux, les autres niches marquent le pas tant en mer qu\u2019en rural. Sans \u00eatre trop pessimiste, on ne peut s\u2019attendre \u00e0 meilleur rebondissement \u00e0 court terme, puisque les r\u00e9servations se sont d\u00e9j\u00e0 effectu\u00e9es dans les sites concurrentiels de l\u2019entourage. L\u2019espace m\u00e9diterran\u00e9en, en d\u00e9pit de la paralysie virale, s\u2019est revigor\u00e9 en Espagne, comme en Gr\u00e8ce, en Italie ou en \u00a0Turquie.<\/p>\n<p>Par contre, le souci de tergiversation et d\u2019attentisme qui s\u2019est empar\u00e9 des divers d\u00e9cideurs centraux, a fait rater le coche aux opportunit\u00e9s qui pouvaient \u00eatre saisies pour pr\u00e9server un domaine al\u00e9atoire et vuln\u00e9rable \u00e0 longueur d\u2019ann\u00e9e. La politique lymphatique que m\u00e8nent les gestionnaires du secteur au niveau national, manquant atrocement de punch et d\u2019agressivit\u00e9, \u00e0 impact\u00e9 de mani\u00e8re ostensible sur le sort du tourisme national.<\/p>\n<p>La station baln\u00e9aire qui fascine les touristes par son climat mielleux, sa baie somptueuse et son arri\u00e8re pays majestueux, d\u00e9j\u00e0 atterr\u00e9e par les turpitudes assassines des multiples successeurs \u00e0 la t\u00eate du d\u00e9partement, depuis des lustres, para\u00eet avoir accus\u00e9 le coup de gr\u00e2ce en ces temps cauchemardesques de la crise end\u00e9mique. Il ressort de cette situation caduque dont souffrent perp\u00e9tuellement les promoteurs et leur personnel, que le rem\u00e8de r\u00e9side en la mutualisation de tous les efforts de la r\u00e9gion, en parfaite synchronie avec ses diff\u00e9rentes composantes, sans aucune vice individualiste ni tic clanique, en vue d\u2019en faire \u00a0ensemble, une affaire R\u00c9GIONALE, pouvant constituer un lobbying influent sur le centre de d\u00e9cision.<\/p>\n<p>Agadir est une destination trop hupp\u00e9e pour que les petits \u00a0salari\u00e9s de Rabat en tournent le dos, depuis fort longtemps!<\/p>\n<p>Auteur: M&rsquo;hammed rahal<br \/>\n<a href=\"http:\/\/albayane.press.ma\/a-quand-leclaircie-du-tourisme-a-agadir.html\">Cliquez ici pour lire l&rsquo;article depuis sa source.<\/a><\/p>\n","protected":false},"excerpt":{"rendered":"<p>Alors que Marrakech sort progressivement du tunnel, Agadir semble avoir beaucoup de peine \u00e0 larguer les amarres. Apr\u00e8s une inertie de plusieurs mois, la cit\u00e9 ocre respire de l\u2019air, en accueillant les premiers h\u00f4tes d\u2019outre-mer. Son pareil baln\u00e9aire chasse encore les mouches de l\u2019oisivet\u00e9 macabre. En fait, une multitude de structures h\u00f4teli\u00e8res de renom ferme [&hellip;]<\/p>\n","protected":false},"author":1760,"featured_media":0,"comment_status":"closed","ping_status":"closed","sticky":false,"template":"","format":"standard","meta":{"fifu_image_url":"","fifu_image_alt":"","footnotes":""},"categories":[73,54],"tags":[],"class_list":["post-101687","post","type-post","status-publish","format-standard","hentry","category-actualite","category-maroc"],"_links":{"self":[{"href":"https:\/\/linitiative.ca\/International\/wp-json\/wp\/v2\/posts\/101687","targetHints":{"allow":["GET"]}}],"collection":[{"href":"https:\/\/linitiative.ca\/International\/wp-json\/wp\/v2\/posts"}],"about":[{"href":"https:\/\/linitiative.ca\/International\/wp-json\/wp\/v2\/types\/post"}],"author":[{"embeddable":true,"href":"https:\/\/linitiative.ca\/International\/wp-json\/wp\/v2\/users\/1760"}],"replies":[{"embeddable":true,"href":"https:\/\/linitiative.ca\/International\/wp-json\/wp\/v2\/comments?post=101687"}],"version-history":[{"count":0,"href":"https:\/\/linitiative.ca\/International\/wp-json\/wp\/v2\/posts\/101687\/revisions"}],"wp:attachment":[{"href":"https:\/\/linitiative.ca\/International\/wp-json\/wp\/v2\/media?parent=101687"}],"wp:term":[{"taxonomy":"category","embeddable":true,"href":"https:\/\/linitiative.ca\/International\/wp-json\/wp\/v2\/categories?post=101687"},{"taxonomy":"post_tag","embeddable":true,"href":"https:\/\/linitiative.ca\/International\/wp-json\/wp\/v2\/tags?post=101687"}],"curies":[{"name":"wp","href":"https:\/\/api.w.org\/{rel}","templated":true}]}}