{"id":101688,"date":"2020-10-14T04:35:13","date_gmt":"2020-10-14T08:35:13","guid":{"rendered":"https:\/\/linitiative.ca\/International\/fmi-une-contraction-prevue-de-7-de-la-croissance-de-leconomie-tunisienne-en-2020\/"},"modified":"2020-10-14T04:35:13","modified_gmt":"2020-10-14T08:35:13","slug":"fmi-une-contraction-prevue-de-7-de-la-croissance-de-leconomie-tunisienne-en-2020","status":"publish","type":"post","link":"https:\/\/linitiative.ca\/International\/fmi-une-contraction-prevue-de-7-de-la-croissance-de-leconomie-tunisienne-en-2020\/","title":{"rendered":"FMI : Une contraction pr\u00e9vue de 7% de la croissance de l\u2019\u00e9conomie tunisienne en 2020"},"content":{"rendered":"<h2>\u00ab\u00a0Le\u00a0<a href=\"https:\/\/www.imf.org\/external\/french\/index.htm\" target=\"_blank\" rel=\"noopener noreferrer\">Fonds mon\u00e9taire international<\/a>\u00a0(FMI) pr\u00e9voit une contraction de 7% du taux de croissance de l\u2019\u00e9conomie<\/h2>\n<h2>tunisienne en 2020. Le FMI a estim\u00e9 un rebond de 4% en 2021 et de 3% en 2025\u2033. Lit-t-on dans son\u00a0<a href=\"http:\/\/www.leconomistemaghrebin.com\/2020\/10\/13\/fmi-certains-pays-emergents-ayant-des-difficultes-de-financement-risquent-une-instabilite-financiere\/\" target=\"_blank\" rel=\"noopener noreferrer\">rapport sur les<\/a><\/h2>\n<p>La croissance \u00e9conomique de la Tunisie a enregistr\u00e9 une r\u00e9cession de 21,6%, au cours du 2\u00e8me trimestre 2020 par rapport \u00e0 la m\u00eame p\u00e9riode de 2019. Et ce \u00e0 cause de l\u2019impact du confinement g\u00e9n\u00e9ral d\u00e9cid\u00e9 en mars 2020 par le gouvernement pour faire face \u00e0 la pand\u00e9mie de la Covid-19.<\/p>\n<p>\u00ab\u00a0L\u2019\u00e9conomie mondiale est en train de s\u2019extirper du gouffre dans lequel elle s\u2019\u00e9tait enfonc\u00e9e lors du \u00ab Grand Confinement \u00bb d\u2019avril. Mais la pand\u00e9mie de la Covid-19 continuant de se propager. De nombreux pays ont ralenti leur r\u00e9ouverture. Certains r\u00e9tablissent des confinements partiels afin de prot\u00e9ger les populations \u00e0 risque\u00a0\u00bb.<\/p>\n<p>\u00ab\u00a0Bien que le redressement de la Chine ait \u00e9t\u00e9 plus rapide qu\u2019attendu, la longue ascension de l\u2019\u00e9conomie mondiale vers des niveaux d\u2019activit\u00e9 comparables \u00e0 ceux d\u2019avant la pand\u00e9mie demeure expos\u00e9e \u00e0 des revers\u00a0\u00bb. A expliqu\u00e9 le FMI dans sa publication des PEM octobre 2020.<\/p>\n<p>Selon les pr\u00e9visions du FMI, en 2020, le taux d\u2019inflation en Tunisie devrait atteindre\u00a0 5,4% pour baisser \u00e0 4,9% en 2021. De m\u00eame, le d\u00e9ficit de la balance commerciale serait dans la limite de 8,3% en 2020 et de 8,7%% \u00e0 la fin de 2021.<\/p>\n<h2>Une contraction mondiale de 4,4 % en 2020<\/h2>\n<p>S\u2019agissant des perspectives \u00e0 court terme de l\u2019\u00e9conomie mondiale, \u00ab\u00a0les projections envisagent une contraction mondiale de 4,4 % en 2020, un chiffre moins grave que dans les pr\u00e9visions de la mise \u00e0 jour des perspectives de l\u2019\u00e9conomie mondiale (Mise \u00e0 jour des PEM) de juin 2020\u00a0\u00bb. A indiqu\u00e9 l\u2019institution financi\u00e8re mondiale<\/p>\n<p>\u00ab\u00a0Apr\u00e8s le rebond de 2021, la croissance mondiale devrait progressivement ralentir \u00e0 environ 3,5 % \u00e0 moyen terme. Elle ne rattraperait donc que partiellement la trajectoire de l\u2019activit\u00e9 pour 2020\u201325. Celle-ci \u00e9tait envisag\u00e9e avant la pand\u00e9mie, tant dans les pays avanc\u00e9s que dans les pays \u00e9mergents et les pays en d\u00e9veloppement\u00a0\u00bb.<\/p>\n<p>\u00ab\u00a0Il s\u2019agit \u00e9galement d\u2019un lourd revers pour l\u2019am\u00e9lioration projet\u00e9e du niveau de vie moyen dans tous les groupes de pays. La pand\u00e9mie va balayer les progr\u00e8s engrang\u00e9s depuis les ann\u00e9es 90 en mati\u00e8re de r\u00e9duction de la pauvret\u00e9 dans le monde. Elle creuser les in\u00e9galit\u00e9s\u00a0\u00bb, selon l\u2019analyse du FMI.<\/p>\n<p>Quant aux projections de croissance des pays avanc\u00e9s, elle serait de moins de 5,8% en 2020 pour reprendre son niveau \u00e0 3,9% en 2021. Pour celles des pays \u00e9mergents et en d\u00e9veloppement, la croissance devrait atteindre -3,3% en 2020, pour r\u00e9aliser un rebond de 6% en 2021.<\/p>\n<div class=\"wp-post-author-wrap wp-post-author-shortcode left\">\n<h3 class=\"awpa-title\"\/>\n<div class=\"wp-post-author\">\n<div class=\"awpa-img awpa-author-block square\"><a href=\"http:\/\/lexpertjournal.net\/fr\/?author=5\"><img loading=\"lazy\" decoding=\"async\" alt=\"\" src=\"http:\/\/0.gravatar.com\/avatar\/97f8e10a1c1125ba104a76514ee07b16?s=150&amp;d=mm&amp;r=g\" srcset=\"http:\/\/0.gravatar.com\/avatar\/97f8e10a1c1125ba104a76514ee07b16?s=300&amp;d=mm&amp;r=g 2x\" class=\"avatar avatar-150 photo\" height=\"150\" width=\"150\"\/><\/a><\/div>\n<\/div>\n<\/div>\n<aside class=\"mashsb-container mashsb-main mashsb-stretched\">\n<\/aside>\n<p>Auteur: L&rsquo;expert<br \/>\n<a href=\"http:\/\/lexpertjournal.net\/fr\/?p=16988\">Cliquez ici pour lire l&rsquo;article depuis sa source.<\/a><\/p>\n","protected":false},"excerpt":{"rendered":"<p>\u00ab\u00a0Le\u00a0Fonds mon\u00e9taire international\u00a0(FMI) pr\u00e9voit une contraction de 7% du taux de croissance de l\u2019\u00e9conomie tunisienne en 2020. Le FMI a estim\u00e9 un rebond de 4% en 2021 et de 3% en 2025\u2033. Lit-t-on dans son\u00a0rapport sur les La croissance \u00e9conomique de la Tunisie a enregistr\u00e9 une r\u00e9cession de 21,6%, au cours du 2\u00e8me trimestre 2020 [&hellip;]<\/p>\n","protected":false},"author":1775,"featured_media":0,"comment_status":"closed","ping_status":"closed","sticky":false,"template":"","format":"standard","meta":{"fifu_image_url":"","fifu_image_alt":"","footnotes":""},"categories":[78,55],"tags":[],"class_list":["post-101688","post","type-post","status-publish","format-standard","hentry","category-economie","category-tunisie"],"_links":{"self":[{"href":"https:\/\/linitiative.ca\/International\/wp-json\/wp\/v2\/posts\/101688","targetHints":{"allow":["GET"]}}],"collection":[{"href":"https:\/\/linitiative.ca\/International\/wp-json\/wp\/v2\/posts"}],"about":[{"href":"https:\/\/linitiative.ca\/International\/wp-json\/wp\/v2\/types\/post"}],"author":[{"embeddable":true,"href":"https:\/\/linitiative.ca\/International\/wp-json\/wp\/v2\/users\/1775"}],"replies":[{"embeddable":true,"href":"https:\/\/linitiative.ca\/International\/wp-json\/wp\/v2\/comments?post=101688"}],"version-history":[{"count":0,"href":"https:\/\/linitiative.ca\/International\/wp-json\/wp\/v2\/posts\/101688\/revisions"}],"wp:attachment":[{"href":"https:\/\/linitiative.ca\/International\/wp-json\/wp\/v2\/media?parent=101688"}],"wp:term":[{"taxonomy":"category","embeddable":true,"href":"https:\/\/linitiative.ca\/International\/wp-json\/wp\/v2\/categories?post=101688"},{"taxonomy":"post_tag","embeddable":true,"href":"https:\/\/linitiative.ca\/International\/wp-json\/wp\/v2\/tags?post=101688"}],"curies":[{"name":"wp","href":"https:\/\/api.w.org\/{rel}","templated":true}]}}