{"id":101689,"date":"2020-10-14T04:40:01","date_gmt":"2020-10-14T08:40:01","guid":{"rendered":"https:\/\/linitiative.ca\/International\/industrie-le-ciment-ne-sera-plus-empaquete-dans-des-sacs-en-plastique\/"},"modified":"2020-10-14T04:40:01","modified_gmt":"2020-10-14T08:40:01","slug":"industrie-le-ciment-ne-sera-plus-empaquete-dans-des-sacs-en-plastique","status":"publish","type":"post","link":"https:\/\/linitiative.ca\/International\/industrie-le-ciment-ne-sera-plus-empaquete-dans-des-sacs-en-plastique\/","title":{"rendered":"Industrie : le ciment ne sera plus empaquet\u00e9 dans des sacs en plastique"},"content":{"rendered":"<h2>Le minist\u00e8re de l\u2019Industrie, de l\u2019Energie et des Mines annon\u00e7ait l\u2019abrogation de l\u2019arr\u00eat\u00e9 conjoint avec le minist\u00e8re du<\/h2>\n<h2>Commerce. Sachant que cet arr\u00eat\u00e9 autorisait l\u2019empaquetage du ciment dans des sacs en plastique.<\/h2>\n<p>En effet, publi\u00e9 le 14 ao\u00fbt dernier dans le Journal officiel de la R\u00e9publique tunisienne (<a href=\"http:\/\/www.iort.gov.tn\/WD120AWP\/WD120Awp.exe\/CONNECT\/SITEIORT\" target=\"_blank\" rel=\"noopener noreferrer\">JORT<\/a>), cet arr\u00eat\u00e9 sur l\u2019utilisation des sacs en plastique avait provoqu\u00e9 un\u00a0<a href=\"http:\/\/www.leconomistemaghrebin.com\/2020\/09\/03\/plasticratie-documentaire-plaidoyer-sortir-emprise-plastique\/\" target=\"_blank\" rel=\"noopener noreferrer\">toll\u00e9 g\u00e9n\u00e9ral<\/a>\u00a0sur la Toile. Tout en attisant \u00e9galement la col\u00e8re des militants \u00e9cologistes et de certains d\u00e9put\u00e9s. De ce fait, ils allaient m\u00eame jusqu\u2019\u00e0 d\u00e9poser une plainte, aupr\u00e8s du Tribunal administratif. Et ce, pour demander l\u2019annulation de cette d\u00e9cision qu\u2019ils qualifient de \u00ab\u00a0d\u00e9sastreuse\u00a0\u00bb pour l\u2019environnement.<\/p>\n<p>En outre, notons que cette d\u00e9cision a \u00e9galement \u00e9t\u00e9 consid\u00e9r\u00e9e comme allant \u00e0 l\u2019encontre du d\u00e9cret gouvernemental interdisant l\u2019usage des sacs \u00e0 bretelle en plastique; dont l\u2019adoption avait lieu en janvier 2020.<\/p>\n<p>Car, il faut rappeler que la Tunisie reste le quatri\u00e8me consommateur en termes de produits en plastique par habitant. Et ce, dans la r\u00e9gion m\u00e9diterran\u00e9e, observe le Fonds Mondial pour la Nature (WWF).<\/p>\n<p>Au final, il reste \u00e0 souligner que l\u2019\u00e9conomie tunisienne accuse chaque ann\u00e9e, environ 20 millions de dollars de pertes. Et ce, en raison de la pollution plastique, indique la m\u00eame source.<\/p>\n<div class=\"wp-post-author-wrap wp-post-author-shortcode left\">\n<h3 class=\"awpa-title\"\/>\n<div class=\"wp-post-author\">\n<div class=\"awpa-img awpa-author-block square\"><a href=\"http:\/\/lexpertjournal.net\/fr\/?author=5\"><img loading=\"lazy\" decoding=\"async\" alt=\"\" src=\"http:\/\/0.gravatar.com\/avatar\/97f8e10a1c1125ba104a76514ee07b16?s=150&amp;d=mm&amp;r=g\" srcset=\"http:\/\/0.gravatar.com\/avatar\/97f8e10a1c1125ba104a76514ee07b16?s=300&amp;d=mm&amp;r=g 2x\" class=\"avatar avatar-150 photo\" height=\"150\" width=\"150\"\/><\/a><\/div>\n<\/div>\n<\/div>\n<aside class=\"mashsb-container mashsb-main mashsb-stretched\">\n<\/aside>\n<p>Auteur: L&rsquo;expert<br \/>\n<a href=\"http:\/\/lexpertjournal.net\/fr\/?p=16991\">Cliquez ici pour lire l&rsquo;article depuis sa source.<\/a><\/p>\n","protected":false},"excerpt":{"rendered":"<p>Le minist\u00e8re de l\u2019Industrie, de l\u2019Energie et des Mines annon\u00e7ait l\u2019abrogation de l\u2019arr\u00eat\u00e9 conjoint avec le minist\u00e8re du Commerce. Sachant que cet arr\u00eat\u00e9 autorisait l\u2019empaquetage du ciment dans des sacs en plastique. En effet, publi\u00e9 le 14 ao\u00fbt dernier dans le Journal officiel de la R\u00e9publique tunisienne (JORT), cet arr\u00eat\u00e9 sur l\u2019utilisation des sacs en [&hellip;]<\/p>\n","protected":false},"author":1775,"featured_media":0,"comment_status":"closed","ping_status":"closed","sticky":false,"template":"","format":"standard","meta":{"fifu_image_url":"","fifu_image_alt":"","footnotes":""},"categories":[78,55],"tags":[],"class_list":["post-101689","post","type-post","status-publish","format-standard","hentry","category-economie","category-tunisie"],"_links":{"self":[{"href":"https:\/\/linitiative.ca\/International\/wp-json\/wp\/v2\/posts\/101689","targetHints":{"allow":["GET"]}}],"collection":[{"href":"https:\/\/linitiative.ca\/International\/wp-json\/wp\/v2\/posts"}],"about":[{"href":"https:\/\/linitiative.ca\/International\/wp-json\/wp\/v2\/types\/post"}],"author":[{"embeddable":true,"href":"https:\/\/linitiative.ca\/International\/wp-json\/wp\/v2\/users\/1775"}],"replies":[{"embeddable":true,"href":"https:\/\/linitiative.ca\/International\/wp-json\/wp\/v2\/comments?post=101689"}],"version-history":[{"count":0,"href":"https:\/\/linitiative.ca\/International\/wp-json\/wp\/v2\/posts\/101689\/revisions"}],"wp:attachment":[{"href":"https:\/\/linitiative.ca\/International\/wp-json\/wp\/v2\/media?parent=101689"}],"wp:term":[{"taxonomy":"category","embeddable":true,"href":"https:\/\/linitiative.ca\/International\/wp-json\/wp\/v2\/categories?post=101689"},{"taxonomy":"post_tag","embeddable":true,"href":"https:\/\/linitiative.ca\/International\/wp-json\/wp\/v2\/tags?post=101689"}],"curies":[{"name":"wp","href":"https:\/\/api.w.org\/{rel}","templated":true}]}}