{"id":101690,"date":"2020-10-14T04:46:16","date_gmt":"2020-10-14T08:46:16","guid":{"rendered":"https:\/\/linitiative.ca\/International\/la-banque-mondiale-disposee-a-poursuivre-son-soutien-au-projet-dintegration-economique-des-jeunes\/"},"modified":"2020-10-14T04:46:16","modified_gmt":"2020-10-14T08:46:16","slug":"la-banque-mondiale-disposee-a-poursuivre-son-soutien-au-projet-dintegration-economique-des-jeunes","status":"publish","type":"post","link":"https:\/\/linitiative.ca\/International\/la-banque-mondiale-disposee-a-poursuivre-son-soutien-au-projet-dintegration-economique-des-jeunes\/","title":{"rendered":"La Banque mondiale dispos\u00e9e \u00e0 poursuivre son soutien au projet d\u2019int\u00e9gration \u00e9conomique des jeunes"},"content":{"rendered":"<h2>Le directeur du bureau de la Banque mondiale (BM) en Tunisie, Tony Verheijena a affirm\u00e9, lors de sa rencontre avec le<\/h2>\n<h2>ministre de la Jeunesse, du Sport, de l\u2019Int\u00e9gration professionnelle, Kamel Deguiche, que la\u00a0<a href=\"https:\/\/www.banquemondiale.org\/\">BM<\/a>\u00a0est dispos\u00e9e \u00e0<\/h2>\n<h2>poursuivre son soutien \u00e0 la mise en \u0153uvre du projet d\u2019int\u00e9gration \u00e9conomique des jeunes (Moubadiroun), et \u00e0 appuyer<\/h2>\n<h2>les efforts du minist\u00e8re dans l\u2019ensemble des projets li\u00e9s \u00e0 la promotion de la formation professionnelle, de l\u2019emploi et<\/h2>\n<h2>de l\u2019initiative priv\u00e9e, selon un communiqu\u00e9. Publi\u00e9, mardi, par le minist\u00e8re de la Jeunesse.<\/h2>\n<p class=\"news_item_view_plain_text\">La Banque mondiale soutient les jeunes via le projet \u00ab\u00a0Moubadiroun\u00a0\u00bb. Celui-ci sera financ\u00e9 par la Banque Internationale pour la Reconstruction et le D\u00e9veloppement, destin\u00e9 aux ch\u00f4meurs \u00e2g\u00e9s de 18 \u00e0 35 ans parmi les familles \u00e0 faible revenu. Ce qui\u00a0 vise \u00e0 mettre en place une approche int\u00e9gr\u00e9e visant \u00e0 booster les opportunit\u00e9s d\u2019emploi des jeunes dans sept gouvernorats, \u00e0 savoir, la Manouba, Kebili, Jendouba, Kasserine, Kairouan, Sfax et Siliana.<\/p>\n<p class=\"news_item_view_plain_text\">Lors de cette r\u00e9union, tenue, lundi au si\u00e8ge du\u00a0<a href=\"http:\/\/www.leconomistemaghrebin.com\/2015\/04\/17\/tunisie-jeunesse-et-sport-ce-que-le-ministere-propose-aux-jeunes\/\">minist\u00e8re de la Jeunesse<\/a>\u00a0sur le suivi du projet en question et les moyens de renforcer la coop\u00e9ration entre le minist\u00e8re et la BM dans le domaine de la formation professionnelle et de l\u2019emploi et le soutien \u00e0 l\u2019initiative priv\u00e9e, Deguiche s\u2019est engag\u00e9 \u00e0 surmonter toutes les difficult\u00e9s et les probl\u00e8mes qui entravent l\u2019avancement de la mise en \u0153uvre du projet. Il a soulign\u00e9 \u00e0 ce propos l\u2019importance de la relation avec la BM, \u00ab\u00a0partenaire cl\u00e9 dans le soutien des projets et programmes du secteur de la formation professionnelle et de l\u2019emploi\u00a0\u00bb.<\/p>\n<div class=\"wp-post-author-wrap wp-post-author-shortcode left\">\n<h3 class=\"awpa-title\"\/>\n<div class=\"wp-post-author\">\n<div class=\"awpa-img awpa-author-block square\"><a href=\"http:\/\/lexpertjournal.net\/fr\/?author=5\"><img loading=\"lazy\" decoding=\"async\" alt=\"\" src=\"http:\/\/0.gravatar.com\/avatar\/97f8e10a1c1125ba104a76514ee07b16?s=150&amp;d=mm&amp;r=g\" srcset=\"http:\/\/0.gravatar.com\/avatar\/97f8e10a1c1125ba104a76514ee07b16?s=300&amp;d=mm&amp;r=g 2x\" class=\"avatar avatar-150 photo\" height=\"150\" width=\"150\"\/><\/a><\/div>\n<\/div>\n<\/div>\n<aside class=\"mashsb-container mashsb-main mashsb-stretched\">\n<\/aside>\n<p>Auteur: L&rsquo;expert<br \/>\n<a href=\"http:\/\/lexpertjournal.net\/fr\/?p=16994\">Cliquez ici pour lire l&rsquo;article depuis sa source.<\/a><\/p>\n","protected":false},"excerpt":{"rendered":"<p>Le directeur du bureau de la Banque mondiale (BM) en Tunisie, Tony Verheijena a affirm\u00e9, lors de sa rencontre avec le ministre de la Jeunesse, du Sport, de l\u2019Int\u00e9gration professionnelle, Kamel Deguiche, que la\u00a0BM\u00a0est dispos\u00e9e \u00e0 poursuivre son soutien \u00e0 la mise en \u0153uvre du projet d\u2019int\u00e9gration \u00e9conomique des jeunes (Moubadiroun), et \u00e0 appuyer les [&hellip;]<\/p>\n","protected":false},"author":1775,"featured_media":0,"comment_status":"closed","ping_status":"closed","sticky":false,"template":"","format":"standard","meta":{"fifu_image_url":"","fifu_image_alt":"","footnotes":""},"categories":[78,55],"tags":[],"class_list":["post-101690","post","type-post","status-publish","format-standard","hentry","category-economie","category-tunisie"],"_links":{"self":[{"href":"https:\/\/linitiative.ca\/International\/wp-json\/wp\/v2\/posts\/101690","targetHints":{"allow":["GET"]}}],"collection":[{"href":"https:\/\/linitiative.ca\/International\/wp-json\/wp\/v2\/posts"}],"about":[{"href":"https:\/\/linitiative.ca\/International\/wp-json\/wp\/v2\/types\/post"}],"author":[{"embeddable":true,"href":"https:\/\/linitiative.ca\/International\/wp-json\/wp\/v2\/users\/1775"}],"replies":[{"embeddable":true,"href":"https:\/\/linitiative.ca\/International\/wp-json\/wp\/v2\/comments?post=101690"}],"version-history":[{"count":0,"href":"https:\/\/linitiative.ca\/International\/wp-json\/wp\/v2\/posts\/101690\/revisions"}],"wp:attachment":[{"href":"https:\/\/linitiative.ca\/International\/wp-json\/wp\/v2\/media?parent=101690"}],"wp:term":[{"taxonomy":"category","embeddable":true,"href":"https:\/\/linitiative.ca\/International\/wp-json\/wp\/v2\/categories?post=101690"},{"taxonomy":"post_tag","embeddable":true,"href":"https:\/\/linitiative.ca\/International\/wp-json\/wp\/v2\/tags?post=101690"}],"curies":[{"name":"wp","href":"https:\/\/api.w.org\/{rel}","templated":true}]}}