{"id":101698,"date":"2020-10-14T05:52:10","date_gmt":"2020-10-14T09:52:10","guid":{"rendered":"https:\/\/linitiative.ca\/International\/le-centenaire-du-maitre-ceramiste-feu-boujemaa-lamali-celebre-a-safi\/"},"modified":"2020-10-14T05:52:10","modified_gmt":"2020-10-14T09:52:10","slug":"le-centenaire-du-maitre-ceramiste-feu-boujemaa-lamali-celebre-a-safi","status":"publish","type":"post","link":"https:\/\/linitiative.ca\/International\/le-centenaire-du-maitre-ceramiste-feu-boujemaa-lamali-celebre-a-safi\/","title":{"rendered":"Le centenaire du ma\u00eetre-c\u00e9ramiste, feu Boujema\u00e2 Lamali c\u00e9l\u00e9br\u00e9 \u00e0 Safi"},"content":{"rendered":"<p>Initi\u00e9e par la Fondation Nationale des Mus\u00e9es (FNM) sous le signe \u00ab\u00a0Centenaire du ma\u00eetre-c\u00e9ramiste Boujem\u00e2a Lamali \u00e0 Safi (1919- 2019) et de la premi\u00e8re \u00e9cole c\u00e9ramique du Maroc\u00a0\u00bb, cette exposition devra se poursuivre jusqu\u2019au 11 janvier \u00e0 Safi.<\/p>\n<p>L\u2019inauguration de cette exposition, qui s\u2019est faite dans le respect scrupuleux des mesures pr\u00e9ventives visant \u00e0 endiguer la propagation de la pand\u00e9mie de la Covid-19, a \u00e9t\u00e9 rehauss\u00e9e par la pr\u00e9sence notamment du pr\u00e9sident de la FNM, M. Mehdi Qotbi, du gouverneur de la province, M. Lahoucine Chaynane, de repr\u00e9sentants de services ext\u00e9rieurs, des \u00e9lus locaux, des autorit\u00e9s locales, ainsi que d\u2019autres personnalit\u00e9s de diff\u00e9rents horizons.<\/p>\n<p>Apr\u00e8s une tourn\u00e9e dans l\u2019espace r\u00e9serv\u00e9 \u00e0 cette exposition o\u00f9 des explications ont \u00e9t\u00e9 pr\u00e9sent\u00e9es \u00e0 l\u2019assistance, M. Qotbi et la d\u00e9l\u00e9gation l\u2019accompagnant ont \u00e9t\u00e9 convi\u00e9s \u00e0 visionner un film-documentaire mettant en avant la richesse de la c\u00e9ramique de Safi, son histoire, ses techniques et couleurs, agr\u00e9ment\u00e9 par une s\u00e9rie de t\u00e9moignages livr\u00e9s par des maitres c\u00e9ramistes de la ville de l\u2019Oc\u00e9an.<\/p>\n<p>Cette exposition se veut une v\u00e9ritable immersion au coeur d\u2019un savoir-faire ancestral et de toute beaut\u00e9 combien authentique, riche et diversifi\u00e9.<\/p>\n<p>Autrement dit, \u00ab\u00a0L\u2019exposition retrace, en plusieurs \u00e9tapes, les d\u00e9cennies de cr\u00e9ations qui ont forg\u00e9 l\u2019identit\u00e9 de la c\u00e9ramique de Safi- Motifs floraux authentiques \u00ab\u00a0Tbou\u00e2\u00a0\u00bb et g\u00e9om\u00e9triques \u00ab\u00a0Ettarbi\u00e2\u00a0\u00bb, d\u00e9coration \u00ab\u00a0Khidouss\u00a0\u00bb inspir\u00e9e de la tapisserie Zayan, apparition du \u00ab\u00a0figuratif\u00a0\u00bb sur des oeuvres destin\u00e9es \u00e0 la d\u00e9coration des murs\u2026.\u00a0\u00bb.<\/p>\n<p>Cette exposition offre donc aux mordus de la c\u00e9ramique marocaine parmi les nationaux, les habitants de Safi, les \u00e9trangers, les potiers, les c\u00e9ramistes et les chercheurs en patrimoine, l\u2019opportunit\u00e9 de c\u00e9l\u00e9brer les 100 ans de l\u2019installation du maitre-c\u00e9ramiste Boujema\u00e2 Lamali \u00e0 Safi (Depuis 1919), ainsi que de la cr\u00e9ation de la premi\u00e8re \u00e9cole de c\u00e9ramique au Maroc et en Afrique (depuis 1920).<\/p>\n<p>Selon la FNM, il s\u2019agit \u00e0 travers cette exposition de rendre hommage \u00e0 ce grand ma\u00eetre de la c\u00e9ramique qui a fait de Safi la capitale de la c\u00e9ramique au Maroc en revivifiant et modernisant cet artisanat, ainsi que d\u2019attirer l\u2019attention sur le r\u00f4le qu\u2019a jou\u00e9 la cit\u00e9 de l\u2019Oc\u00e9an et ses c\u00e9ramistes dans le d\u00e9veloppement du secteur de l\u2019artisanat marocain en mati\u00e8re de poterie et c\u00e9ramique.<\/p>\n<p>A travers cette exposition, le grand public peut d\u00e9couvrir une collection in\u00e9dite d\u2019objets, dont une grande partie est confectionn\u00e9e par ce grand ma\u00eetre, outre des objets appartenant \u00e0 des collectionneurs priv\u00e9s.<\/p>\n<p>Approch\u00e9 par la MAP \u00e0 cette occasion, M. Qotbi a dit toute sa joie et sa fiert\u00e9 d\u2019\u00eatre pr\u00e9sent parmi les grands maitres c\u00e9ramistes qui continuent \u00e0 perp\u00e9tuer la beaut\u00e9, la tradition et la modernit\u00e9 de la c\u00e9ramique.<\/p>\n<p>\u00ab\u00a0Je suis heureux parce que cette exposition rend hommage \u00e0 un ma\u00eetre-c\u00e9ramiste exceptionnel, Boujema\u00e2 Lamali\u00a0\u00bb, s\u2019est-il r\u00e9joui, mettant en avant l\u2019important travail accompli par la Fondation Nationale des Mus\u00e9es depuis sa cr\u00e9ation en vue de promouvoir et pr\u00e9server l\u2019art et la culture du Royaume.<\/p>\n<p>\u00ab\u00a0A l\u2019occasion de la c\u00e9l\u00e9bration du sixi\u00e8me anniversaire d\u2019inauguration par le Souverain du Mus\u00e9e Mohammed VI d\u2019Art Moderne et Contemporain (MMVI), nous avons d\u00e9cid\u00e9 d\u2019assurer la gratuit\u00e9 de l\u2019acc\u00e8s \u00e0 l\u2019ensemble des mus\u00e9es relevant de la FNM pendant 8 jours, afin de c\u00e9l\u00e9brer l\u2019art, notre culture et la beaut\u00e9\u00a0\u00bb, a-t-il dit.<\/p>\n<p>M. Qotbi a, en outre, \u00e9mis le voeu de \u00ab\u00a0pouvoir rendre hommage aux maitres c\u00e9ramistes, une fois le mus\u00e9e originel de la c\u00e9ramique de Mekn\u00e8s restaur\u00e9, en attribuant \u00e0 chaque salle de cette structure mus\u00e9ale le nom d\u2019un artisan c\u00e9ramiste\u00a0\u00bb.<\/p>\n<p>M. Said Chamssi, conservateur du Mus\u00e9e national de la C\u00e9ramique, a mis l\u2019accent, quant \u00e0 lui, sur la particularit\u00e9 de la c\u00e9l\u00e9bration par la FNM du centenaire du maitre-c\u00e9ramiste Boujema\u00e2 Lamali, ce qui t\u00e9moigne, selon lui, de sa conviction de l\u2019importance des mus\u00e9es dans la promotion et la diffusion de la culture des m\u00e9tiers et sa vulgarisation aupr\u00e8s des jeunes g\u00e9n\u00e9rations.<\/p>\n<p>Moulay Ahmed Serghini, l\u2019un des grands ma\u00eetres c\u00e9ramistes \u00e0 Safi, a mis en avant la particularit\u00e9 de la cit\u00e9 de l\u2019Oc\u00e9an en tant que ville des Mus\u00e9es, ce qui t\u00e9moigne, \u00e0 la fois, de la richesse et de la diversit\u00e9 de la civilisation marocaine en g\u00e9n\u00e9ral, et celle Safiote en particulier.<\/p>\n<p>Dans la foul\u00e9e, il a tenu \u00e0 pr\u00e9ciser que Safi a cette vocation d\u2019\u00eatre la capitale de la c\u00e9ramique par excellence, avec une histoire s\u00e9culaire qui pourrait remonter \u00e0 l\u2019\u00e9poque des Ph\u00e9niciens, notant que la notori\u00e9t\u00e9 et la particularit\u00e9 de la c\u00e9ramique de Safi, de par ses couleurs, sa qualit\u00e9, ses formats, et ses motifs et dessins, d\u00e9passent les seules fronti\u00e8res nationales<\/p>\n<p>A noter que le travail de Lamali a influenc\u00e9 la plupart des c\u00e9ramistes de Safi (Al-Sousi, Serghini Al-Taher, Abdelqader Leghrissi, Mohamed Rbati Sentil\u2026), a permis \u00e0 la ville de Safi d\u2019acqu\u00e9rir le statut de capitale de la c\u00e9ramique marocaine apr\u00e8s F\u00e8s, et de repr\u00e9senter le Maroc lors de nombreuses expositions internationales.<\/p>\n<p>Natif d\u2019Alger et laur\u00e9at des Beaux- Arts de la capitale alg\u00e9rienne et de la Manufacture Nationale de S\u00e8vres, Lamali choisit le Maroc et la ville de Safi pour s\u2019y installer d\u00e9finitivement apr\u00e8s des exp\u00e9riences enrichies aupr\u00e8s de c\u00e9ramistes fran\u00e7ais aux Mus\u00e9es du Louvre et Du Clyny.<\/p>\n<p>Il d\u00e9bute sa carri\u00e8re marocaine, en 1919, par l\u2019encadrement des potiers de Safi sur la Colline des Potiers. Un an plus tard, il y fonde une \u00e9cole des m\u00e9tiers de c\u00e9ramique, premi\u00e8re du genre au Maroc et en Afrique, avec le Service des Arts Indig\u00e8nes.<\/p>\n<p>En plus de son m\u00e9tier de formateur, il d\u00e9core les pi\u00e8ces de poteries fa\u00e7onn\u00e9es par les potiers Isma\u00efl Sayssi, Taybi Khullala, Larbi Khadjar et bien d\u2019autres.<\/p>\n<p>D\u00e9c\u00e9d\u00e9 en 1971, il avait l\u00e9gu\u00e9 un riche r\u00e9pertoire de ses \u0153uvres contenant 450 objets, dont la plupart ont \u00e9t\u00e9 r\u00e9cup\u00e9r\u00e9s et conserv\u00e9s par le Mus\u00e9e National de la C\u00e9ramique de Safi.<\/p>\n<p>Auteur: Meriem IGASS<br \/>\n<a href=\"http:\/\/www.mapmarrakech.ma\/fr\/le-centenaire-du-maitre-ceramiste-feu-boujemaa-lamali-celebre-a-safi\/\">Cliquez ici pour lire l&rsquo;article depuis sa source.<\/a><\/p>\n","protected":false},"excerpt":{"rendered":"<p>Initi\u00e9e par la Fondation Nationale des Mus\u00e9es (FNM) sous le signe \u00ab\u00a0Centenaire du ma\u00eetre-c\u00e9ramiste Boujem\u00e2a Lamali \u00e0 Safi (1919- 2019) et de la premi\u00e8re \u00e9cole c\u00e9ramique du Maroc\u00a0\u00bb, cette exposition devra se poursuivre jusqu\u2019au 11 janvier \u00e0 Safi. L\u2019inauguration de cette exposition, qui s\u2019est faite dans le respect scrupuleux des mesures pr\u00e9ventives visant \u00e0 endiguer [&hellip;]<\/p>\n","protected":false},"author":1788,"featured_media":0,"comment_status":"closed","ping_status":"closed","sticky":false,"template":"","format":"standard","meta":{"fifu_image_url":"","fifu_image_alt":"","footnotes":""},"categories":[54,76],"tags":[],"class_list":["post-101698","post","type-post","status-publish","format-standard","hentry","category-maroc","category-regions"],"_links":{"self":[{"href":"https:\/\/linitiative.ca\/International\/wp-json\/wp\/v2\/posts\/101698","targetHints":{"allow":["GET"]}}],"collection":[{"href":"https:\/\/linitiative.ca\/International\/wp-json\/wp\/v2\/posts"}],"about":[{"href":"https:\/\/linitiative.ca\/International\/wp-json\/wp\/v2\/types\/post"}],"author":[{"embeddable":true,"href":"https:\/\/linitiative.ca\/International\/wp-json\/wp\/v2\/users\/1788"}],"replies":[{"embeddable":true,"href":"https:\/\/linitiative.ca\/International\/wp-json\/wp\/v2\/comments?post=101698"}],"version-history":[{"count":0,"href":"https:\/\/linitiative.ca\/International\/wp-json\/wp\/v2\/posts\/101698\/revisions"}],"wp:attachment":[{"href":"https:\/\/linitiative.ca\/International\/wp-json\/wp\/v2\/media?parent=101698"}],"wp:term":[{"taxonomy":"category","embeddable":true,"href":"https:\/\/linitiative.ca\/International\/wp-json\/wp\/v2\/categories?post=101698"},{"taxonomy":"post_tag","embeddable":true,"href":"https:\/\/linitiative.ca\/International\/wp-json\/wp\/v2\/tags?post=101698"}],"curies":[{"name":"wp","href":"https:\/\/api.w.org\/{rel}","templated":true}]}}