{"id":101705,"date":"2020-10-13T16:44:26","date_gmt":"2020-10-13T20:44:26","guid":{"rendered":"https:\/\/linitiative.ca\/International\/bientot-un-colloque-sur-les-chaines-de-valeur-mondiales-et-regionales\/"},"modified":"2020-10-13T16:44:26","modified_gmt":"2020-10-13T20:44:26","slug":"bientot-un-colloque-sur-les-chaines-de-valeur-mondiales-et-regionales","status":"publish","type":"post","link":"https:\/\/linitiative.ca\/International\/bientot-un-colloque-sur-les-chaines-de-valeur-mondiales-et-regionales\/","title":{"rendered":"Bient\u00f4t un colloque sur les cha\u00eenes de valeur mondiales et r\u00e9gionales"},"content":{"rendered":"<p class=\"c4\">Le Laboratoire de recherche en management territorial, int\u00e9gr\u00e9 et fonctionnel (LARMATIF) organise, les 6 et 7 novembre prochain \u00e0 l\u2019\u00c9cole nationale de commerce et de gestion d\u2019Oujda, un Colloque international sous le th\u00e8me \u00abLes cha\u00eenes de valeur mondiales et r\u00e9gionales : Quelle int\u00e9gration pour l\u2019\u00e9conomie marocaine ?\u00bb.<\/p>\n<p class=\"c4\">La participation aux cha\u00eenes de valeur soit mondiales (CVM) soit r\u00e9gionales (CVR) repr\u00e9sente un levier important pour la dynamisation de l\u2019\u00e9conomie du Maroc, dans le cadre de la conception d\u2019un mod\u00e8le de d\u00e9veloppement propre, plus inclusif et plus dynamique \u00e9conomiquement, socialement et territorialement, soulignent les organisateurs sur le site web de l\u2019Universit\u00e9 Mohammed Premier (UMP) d\u2019Oujda.<\/p>\n<p class=\"c4\">L\u2019importance croissante des CVM dans la gestion et la coordination de la production et des \u00e9changes commerciaux entre les pays a \u00e9t\u00e9 l\u2019une des transmutations les plus importantes survenues au cours des deux derni\u00e8res d\u00e9cennies, notent les organisateurs, ajoutant que ce ph\u00e9nom\u00e8ne a fait en sorte que les biens et les services interm\u00e9diaires sont \u00e9chang\u00e9s selon des processus de production fragment\u00e9s et dispers\u00e9s dans plusieurs pays.<\/p>\n<p class=\"c4\">La participation aux CVM pr\u00e9sente pour l\u2019ensemble des pays du monde des possibilit\u00e9s de d\u00e9veloppement, mais aussi, des d\u00e9fis \u00e0 relever et des strat\u00e9gies \u00e0 concevoir. En effet, la sp\u00e9cialisation d\u2019un pays dans un segment de CVM de faible valeur ajout\u00e9e peut limiter sa croissance, et peut m\u00eame \u00eatre nuisible en termes de d\u00e9gradation de l\u2019environnement et de conditions de travail.<\/p>\n<p class=\"c4\">Ainsi, ce colloque se veut une plateforme d\u2019\u00e9changes et de discussions entre universitaires, institutionnels et professionnels pour examiner le positionnement du Maroc dans les CVM et CVR en identifiant l\u2019\u00e9tat des lieux, les opportunit\u00e9s \u00e0 saisir et les d\u00e9fis \u00e0 surmonter, indique-t-on.<\/p>\n<p>Auteur: Soufiane ELAHMAR<br \/>\n<a href=\"http:\/\/www.mapoujda.ma\/fr\/bientot-un-colloque-sur-les-chaines-de-valeur-mondiales-et-regionales\/\">Cliquez ici pour lire l&rsquo;article depuis sa source.<\/a><\/p>\n","protected":false},"excerpt":{"rendered":"<p>Le Laboratoire de recherche en management territorial, int\u00e9gr\u00e9 et fonctionnel (LARMATIF) organise, les 6 et 7 novembre prochain \u00e0 l\u2019\u00c9cole nationale de commerce et de gestion d\u2019Oujda, un Colloque international sous le th\u00e8me \u00abLes cha\u00eenes de valeur mondiales et r\u00e9gionales : Quelle int\u00e9gration pour l\u2019\u00e9conomie marocaine ?\u00bb. La participation aux cha\u00eenes de valeur soit mondiales [&hellip;]<\/p>\n","protected":false},"author":1788,"featured_media":0,"comment_status":"closed","ping_status":"closed","sticky":false,"template":"","format":"standard","meta":{"fifu_image_url":"","fifu_image_alt":"","footnotes":""},"categories":[54,76],"tags":[],"class_list":["post-101705","post","type-post","status-publish","format-standard","hentry","category-maroc","category-regions"],"_links":{"self":[{"href":"https:\/\/linitiative.ca\/International\/wp-json\/wp\/v2\/posts\/101705","targetHints":{"allow":["GET"]}}],"collection":[{"href":"https:\/\/linitiative.ca\/International\/wp-json\/wp\/v2\/posts"}],"about":[{"href":"https:\/\/linitiative.ca\/International\/wp-json\/wp\/v2\/types\/post"}],"author":[{"embeddable":true,"href":"https:\/\/linitiative.ca\/International\/wp-json\/wp\/v2\/users\/1788"}],"replies":[{"embeddable":true,"href":"https:\/\/linitiative.ca\/International\/wp-json\/wp\/v2\/comments?post=101705"}],"version-history":[{"count":0,"href":"https:\/\/linitiative.ca\/International\/wp-json\/wp\/v2\/posts\/101705\/revisions"}],"wp:attachment":[{"href":"https:\/\/linitiative.ca\/International\/wp-json\/wp\/v2\/media?parent=101705"}],"wp:term":[{"taxonomy":"category","embeddable":true,"href":"https:\/\/linitiative.ca\/International\/wp-json\/wp\/v2\/categories?post=101705"},{"taxonomy":"post_tag","embeddable":true,"href":"https:\/\/linitiative.ca\/International\/wp-json\/wp\/v2\/tags?post=101705"}],"curies":[{"name":"wp","href":"https:\/\/api.w.org\/{rel}","templated":true}]}}