{"id":101706,"date":"2020-10-14T11:46:17","date_gmt":"2020-10-14T15:46:17","guid":{"rendered":"https:\/\/linitiative.ca\/International\/aziz-saad-allah-linfatigable-nest-plus\/"},"modified":"2020-10-14T11:46:17","modified_gmt":"2020-10-14T15:46:17","slug":"aziz-saad-allah-linfatigable-nest-plus","status":"publish","type":"post","link":"https:\/\/linitiative.ca\/International\/aziz-saad-allah-linfatigable-nest-plus\/","title":{"rendered":"Aziz Saad-Allah, l\u2019infatigable, n\u2019est plus"},"content":{"rendered":"<div class=\"dnd-atom-wrapper type-image context-sdl_editor_representation atom-align-right\" contenteditable=\"false\">\n<div class=\"dnd-drop-wrapper\">\n<div class=\"image\"><img loading=\"lazy\" decoding=\"async\" typeof=\"foaf:Image\" class=\"img-responsive\" src=\"https:\/\/www.leconomiste.com\/sites\/default\/files\/eco7\/public\/thumbnails\/image\/aziz-saad-allah-063.jpg\" width=\"369\" height=\"369\" alt=\"aziz-saad-allah-063.jpg\" title=\"aziz-saad-allah-063.jpg\"\/><\/div>\n<\/div>\n<\/div>\n<p class=\"rtejustify\">Il formait avec Khadija Assad, sa compagne sur sc\u00e8ne et dans la vie, le duo le plus remarquable du paysage audiovisuel national. Acteur, auteur, metteur en sc\u00e8ne et producteur de plusieurs pi\u00e8ces de th\u00e9\u00e2tre, s\u00e9ries, \u00e9missions et t\u00e9l\u00e9films au Maroc, l\u2019infatigable\u00a0 Aziz Saad-Allah n&rsquo;est plus, d\u00e9c\u00e9d\u00e9 ce mardi, \u00e0 l&rsquo;\u00e2ge de 70 ans.\u00a0\u00a0<br \/>D\u00e8s les ann\u00e9es 70, le couple multiplie les exp\u00e9riences th\u00e9\u00e2trales et se lance en 1977 dans le grand bain du petit \u00e9cran avec la s\u00e9rie \u00abHia ou Houa\u00bb qui rencontre un vif succ\u00e8s populaire et pose les jalons de l&rsquo;humour d\u00e9cal\u00e9, ne manquant pas de finesse, qui fera la r\u00e9putation du couple. Celui qui sera initi\u00e9 au th\u00e9\u00e2tre, comme bon nombre d\u2019artistes de sa g\u00e9n\u00e9ration, par l\u2019illustre dramaturge Tayeb Saddiqi, va conqu\u00e9rir la petite lucarne, \u00e0 partir des ann\u00e9es 80, encha\u00eenant les diff\u00e9rents formats, avec un grand faible pour la parodie.\u00a0<br \/>Il fondera, toujours avec Khadija Assad, la compagnie \u00abTh\u00e9\u00e2tre 80\u00bb et part en France, \u00e0 Paris, d\u00e9crocher un dipl\u00f4me de metteur en sc\u00e8ne. Il prend donc en charge la mise en place des pi\u00e8ces r\u00e9alis\u00e9es par la compagnie qui a pour but principal d&rsquo;effectuer des tourn\u00e9es \u00e0 destination du public marocain expatri\u00e9 en Europe, au Moyen-Orient ou en Am\u00e9rique. La cons\u00e9cration viendra par la t\u00e9l\u00e9vision avec l\u2019in\u00e9narrable sitcom \u00abLalla Fatema\u00bb, dans les ann\u00e9es 2000. Aziz Saad-Allah a \u00e9galement \u00e9t\u00e9 \u00e0 l\u2019affiche de quelques tr\u00e8s bons films, depuis le milieu des ann\u00e9es 80, avec \u00e0 la cl\u00e9 quelques-uns des beaux succ\u00e8s du septi\u00e8me art marocain comme Badis (1989) de Mohamed Abderrahman Tazi\u00a0 ou encore \u00abLes Casablancais\u00bb (1998) de Abdelakader Lagtaa. Il quitte le Maroc pour le Canada, avec sa femme, en 2003. L\u00e0-bas, ils promeuvent la diversit\u00e9 dans le th\u00e9\u00e2tre et la t\u00e9l\u00e9vision canadienne, sans n\u00e9gliger sa carri\u00e8re au Maroc puisqu\u2019on le retrouvera, en 2008, dans \u00abNumber one\u00bb de Zakia Tahiri.\u00a0<br \/>Le d\u00e9funt aura \u00e9galement \u00e9t\u00e9 l\u2019un des premiers professionnels \u00e0 s\u2019int\u00e9resser \u00e0 l\u2019action syndicale puisqu\u2019il a \u00e9t\u00e9 l\u2019un des fondateurs du Syndicat national des professionnels du th\u00e9\u00e2tre. Il a \u00e9t\u00e9, dans ce sens, le premier secr\u00e9taire g\u00e9n\u00e9ral de ce syndicat connu actuellement sous l\u2019appellation du \u00abSyndicat marocain des professionnels des arts dramatiques\u00bb.<br \/>A.Bo<\/p>\n<p class=\"rtejustify\">\u00a0<\/p>\n<p>Auteur: leco_web_admin<br \/>\n<a href=\"https:\/\/www.leconomiste.com\/article\/1068440-aziz-saad-allah-l-infatigable-n-est-plus\">Cliquez ici pour lire l&rsquo;article depuis sa source.<\/a><\/p>\n","protected":false},"excerpt":{"rendered":"<p>Il formait avec Khadija Assad, sa compagne sur sc\u00e8ne et dans la vie, le duo le plus remarquable du paysage audiovisuel national. Acteur, auteur, metteur en sc\u00e8ne et producteur de plusieurs pi\u00e8ces de th\u00e9\u00e2tre, s\u00e9ries, \u00e9missions et t\u00e9l\u00e9films au Maroc, l\u2019infatigable\u00a0 Aziz Saad-Allah n&rsquo;est plus, d\u00e9c\u00e9d\u00e9 ce mardi, \u00e0 l&rsquo;\u00e2ge de 70 ans.\u00a0\u00a0D\u00e8s les ann\u00e9es [&hellip;]<\/p>\n","protected":false},"author":1763,"featured_media":101707,"comment_status":"closed","ping_status":"closed","sticky":false,"template":"","format":"standard","meta":{"fifu_image_url":"","fifu_image_alt":"","footnotes":""},"categories":[78,54],"tags":[],"class_list":["post-101706","post","type-post","status-publish","format-standard","has-post-thumbnail","hentry","category-economie","category-maroc"],"_links":{"self":[{"href":"https:\/\/linitiative.ca\/International\/wp-json\/wp\/v2\/posts\/101706","targetHints":{"allow":["GET"]}}],"collection":[{"href":"https:\/\/linitiative.ca\/International\/wp-json\/wp\/v2\/posts"}],"about":[{"href":"https:\/\/linitiative.ca\/International\/wp-json\/wp\/v2\/types\/post"}],"author":[{"embeddable":true,"href":"https:\/\/linitiative.ca\/International\/wp-json\/wp\/v2\/users\/1763"}],"replies":[{"embeddable":true,"href":"https:\/\/linitiative.ca\/International\/wp-json\/wp\/v2\/comments?post=101706"}],"version-history":[{"count":0,"href":"https:\/\/linitiative.ca\/International\/wp-json\/wp\/v2\/posts\/101706\/revisions"}],"wp:featuredmedia":[{"embeddable":true,"href":"https:\/\/linitiative.ca\/International\/wp-json\/"}],"wp:attachment":[{"href":"https:\/\/linitiative.ca\/International\/wp-json\/wp\/v2\/media?parent=101706"}],"wp:term":[{"taxonomy":"category","embeddable":true,"href":"https:\/\/linitiative.ca\/International\/wp-json\/wp\/v2\/categories?post=101706"},{"taxonomy":"post_tag","embeddable":true,"href":"https:\/\/linitiative.ca\/International\/wp-json\/wp\/v2\/tags?post=101706"}],"curies":[{"name":"wp","href":"https:\/\/api.w.org\/{rel}","templated":true}]}}