{"id":101708,"date":"2020-10-14T12:00:00","date_gmt":"2020-10-14T16:00:00","guid":{"rendered":"https:\/\/linitiative.ca\/International\/pression-sur-la-turquie-pour-cesser-les-provocations\/"},"modified":"2020-10-14T12:00:00","modified_gmt":"2020-10-14T16:00:00","slug":"pression-sur-la-turquie-pour-cesser-les-provocations","status":"publish","type":"post","link":"https:\/\/linitiative.ca\/International\/pression-sur-la-turquie-pour-cesser-les-provocations\/","title":{"rendered":"Pression sur la Turquie  pour cesser les provocations"},"content":{"rendered":"<p class=\"p1 c3\"><span class=\"c2\">Deux des principaux alli\u00e9s occidentaux de la Turquie, les Etats-Unis et l&rsquo;Allemagne, ont accentu\u00e9 hier la pression sur Ankara pour qu&rsquo;elle cesse ses \u00ab\u00a0provocations\u00a0\u00bb en M\u00e9diterran\u00e9e, o\u00f9 la fragile d\u00e9tente avec la Gr\u00e8ce est d\u00e9j\u00e0 menac\u00e9e.<\/span><\/p>\n<p class=\"p1 c3\"><span class=\"c2\">\u00ab\u00a0Nous exigeons que la Turquie cesse cette provocation d\u00e9lib\u00e9r\u00e9e et entame imm\u00e9diatement des pourparlers pr\u00e9liminaires avec la Gr\u00e8ce\u00a0\u00bb, a d\u00e9clar\u00e9 la porte-parole du d\u00e9partement d&rsquo;Etat am\u00e9ricain Morgan Ortagus, alors que les autorit\u00e9s turques viennent de renvoyer dans une zone contest\u00e9e un navire d&rsquo;exploration gazi\u00e8re, au risque de raviver la crise avec Ath\u00e8nes.<\/span><\/p>\n<p class=\"p1 c3\"><span class=\"c2\">\u00ab\u00a0La coercition, les menaces, l&rsquo;intimidation et les manoeuvres militaires ne vont pas r\u00e9soudre les tensions en M\u00e9diterran\u00e9e orientale\u00a0\u00bb, a-t-elle ajout\u00e9, dans un communiqu\u00e9.<span class=\"Apple-converted-space\">\u00a0<\/span><\/span><\/p>\n<p class=\"p1 c3\"><span class=\"c2\">Selon Washington, qui \u00ab\u00a0d\u00e9plore\u00a0\u00bb la d\u00e9cision turque, l&rsquo;envoi de ce navire \u00ab\u00a0complique d\u00e9lib\u00e9r\u00e9ment la reprise de discussions pr\u00e9liminaires essentielles entre la Gr\u00e8ce et la Turquie\u00a0\u00bb, deux pays voisins alli\u00e9s au sein de l&rsquo;Otan malgr\u00e9 leur rivalit\u00e9 historique.<\/span><\/p>\n<p class=\"p1 c3\"><span class=\"c2\">Ath\u00e8nes et Ankara connaissent de fortes tensions diplomatiques et militaires depuis le d\u00e9ploiement par la Turquie, du 10 ao\u00fbt \u00e0 la mi-septembre, d&rsquo;un bateau d&rsquo;exploration sismique, escort\u00e9 de navires de guerre, pour proc\u00e9der \u00e0 des \u00e9tudes au large d&rsquo;\u00eeles grecques, dans une zone potentiellement riche en gaz naturel.<\/span><\/p>\n<p class=\"p1 c3\"><span class=\"c2\">Fin septembre, les deux voisins, sous pression internationale, avaient finalement accept\u00e9 d&rsquo;entamer des \u00ab\u00a0pourparlers exploratoires\u00a0\u00bb sur leurs diff\u00e9rends m\u00e9diterran\u00e9ens, ouvrant la voie \u00e0 une phase de d\u00e9tente.<\/span><\/p>\n<p class=\"p1 c3\"><span class=\"c2\">Le chef de la diplomatie am\u00e9ricaine Mike Pompeo s&rsquo;\u00e9tait ensuite rendu en Gr\u00e8ce o\u00f9 il a insist\u00e9 sur la n\u00e9cessit\u00e9 de trouver des \u00ab\u00a0solutions\u00a0\u00bb et a \u00ab\u00a0fortement\u00a0\u00bb soutenu le principe d&rsquo;un dialogue, appelant \u00e0 \u00ab\u00a0reprendre les discussions sur ces questions d\u00e8s que possible\u00a0\u00bb.<\/span><\/p>\n<p class=\"p1 c3\"><span class=\"c2\">Mais la marine turque a annonc\u00e9 que le navire Oruc Reis reprendrait ses activit\u00e9s dans la r\u00e9gion jusqu&rsquo;au 22 octobre, d\u00e9clenchant la col\u00e8re grecque.<\/span><\/p>\n<p class=\"p1 c3\"><span class=\"c2\">Le chef de la diplomatie grecque Nikos Dendias a d\u00e9nonc\u00e9 une \u00ab\u00a0escalade majeure\u00a0\u00bb et \u00ab\u00a0une menace directe pour la paix et la s\u00e9curit\u00e9\u00a0\u00bb.<\/span><\/p>\n<p class=\"p1 c3\"><span class=\"c2\">\u00ab\u00a0La Gr\u00e8ce ne prendra part \u00e0 aucun des pourparlers tant que l&rsquo;Oruc Reis et ses navires d&rsquo;escorte seront sur place\u00a0\u00bb, a rench\u00e9ri mardi le ministre d&rsquo;Etat George Gerapetrite.<\/span><\/p>\n<p class=\"p1 c3\"><span class=\"c2\">C\u00f4t\u00e9 europ\u00e9en, ce nouvel incident a aussi suscit\u00e9 un regain de mobilisation, d&rsquo;autant que la Turquie reste sous la menace de sanctions des Vingt-Sept.<\/span><\/p>\n<p class=\"p1 c3\"><span class=\"c2\">\u00ab\u00a0S&rsquo;il devait effectivement y avoir de nouvelles explorations du gaz turc dans les zones maritimes les plus controvers\u00e9es de la M\u00e9diterran\u00e9e orientale, ce serait un revers majeur pour les efforts de d\u00e9sescalade\u00a0\u00bb, a estim\u00e9 mardi dans un communiqu\u00e9 le chef de la diplomatie allemande Heiko Maas, qui se rendait justement en Gr\u00e8ce et \u00e0 Chypre pour \u00e9voquer ces tensions.<\/span><\/p>\n<p class=\"p1 c3\"><span class=\"c2\">\u00ab\u00a0Ankara doit mettre fin au cycle de la d\u00e9tente et de la provocation si le gouvernement est int\u00e9ress\u00e9 par des pourparlers &#8211; comme il l&rsquo;a assur\u00e9 \u00e0 plusieurs reprises\u00a0\u00bb, a insist\u00e9 le ministre.<\/span><\/p>\n<p class=\"p1 c3\"><span class=\"c2\">Berlin demande encore \u00e0 la Turquie \u00ab\u00a0que la fen\u00eatre de dialogue qui vient de s&rsquo;ouvrir avec la Gr\u00e8ce ne se referme pas en raison de mesures unilat\u00e9rales\u00a0\u00bb.<\/span><\/p>\n<p class=\"p1 c3\"><span class=\"c2\">L&rsquo;Allemagne pr\u00e9side pendant ce semestre l&rsquo;Union europ\u00e9enne, qui se r\u00e9unit jeudi et vendredi en sommet \u00e0 Bruxelles et doit notamment aborder ces nouvelles tensions.<\/span><\/p>\n<p class=\"p1 c3\"><span class=\"c2\">Ankara a d\u00e9cid\u00e9 de d\u00e9p\u00eacher son navire dans la zone contest\u00e9e quelques jours seulement apr\u00e8s un pr\u00e9c\u00e9dent sommet europ\u00e9en au cours duquel la Turquie avait \u00e9t\u00e9 menac\u00e9e de sanctions.<\/span><\/p>\n<p class=\"p1 c3\"><span class=\"c2\">\u00ab\u00a0Si Ankara poursuit ses actions ill\u00e9gales, nous utiliserons tous les instruments \u00e0 notre disposition\u00a0\u00bb, avait averti la pr\u00e9sidente de la Commission europ\u00e9enne Ursula von der Leyen.<\/span><\/p>\n<p class=\"p1 c3\"><span class=\"c2\">Des sanctions \u00e9conomiques ont \u00e9t\u00e9 \u00e9labor\u00e9es et elles sont pr\u00eates \u00e0 \u00eatre \u00ab\u00a0utilis\u00e9es imm\u00e9diatement\u00a0\u00bb, avait-elle martel\u00e9.<\/span><\/p>\n<p>Auteur: letemps1<br \/>\n<a href=\"http:\/\/www.letemps.com.tn\/article\/117546\/pression-sur-la-turquie-pour-cesser-les-provocations\">Cliquez ici pour lire l&rsquo;article depuis sa source.<\/a><\/p>\n","protected":false},"excerpt":{"rendered":"<p>Deux des principaux alli\u00e9s occidentaux de la Turquie, les Etats-Unis et l&rsquo;Allemagne, ont accentu\u00e9 hier la pression sur Ankara pour qu&rsquo;elle cesse ses \u00ab\u00a0provocations\u00a0\u00bb en M\u00e9diterran\u00e9e, o\u00f9 la fragile d\u00e9tente avec la Gr\u00e8ce est d\u00e9j\u00e0 menac\u00e9e. \u00ab\u00a0Nous exigeons que la Turquie cesse cette provocation d\u00e9lib\u00e9r\u00e9e et entame imm\u00e9diatement des pourparlers pr\u00e9liminaires avec la Gr\u00e8ce\u00a0\u00bb, a [&hellip;]<\/p>\n","protected":false},"author":1773,"featured_media":0,"comment_status":"closed","ping_status":"closed","sticky":false,"template":"","format":"standard","meta":{"fifu_image_url":"","fifu_image_alt":"","footnotes":""},"categories":[73,55],"tags":[],"class_list":["post-101708","post","type-post","status-publish","format-standard","hentry","category-actualite","category-tunisie"],"_links":{"self":[{"href":"https:\/\/linitiative.ca\/International\/wp-json\/wp\/v2\/posts\/101708","targetHints":{"allow":["GET"]}}],"collection":[{"href":"https:\/\/linitiative.ca\/International\/wp-json\/wp\/v2\/posts"}],"about":[{"href":"https:\/\/linitiative.ca\/International\/wp-json\/wp\/v2\/types\/post"}],"author":[{"embeddable":true,"href":"https:\/\/linitiative.ca\/International\/wp-json\/wp\/v2\/users\/1773"}],"replies":[{"embeddable":true,"href":"https:\/\/linitiative.ca\/International\/wp-json\/wp\/v2\/comments?post=101708"}],"version-history":[{"count":0,"href":"https:\/\/linitiative.ca\/International\/wp-json\/wp\/v2\/posts\/101708\/revisions"}],"wp:attachment":[{"href":"https:\/\/linitiative.ca\/International\/wp-json\/wp\/v2\/media?parent=101708"}],"wp:term":[{"taxonomy":"category","embeddable":true,"href":"https:\/\/linitiative.ca\/International\/wp-json\/wp\/v2\/categories?post=101708"},{"taxonomy":"post_tag","embeddable":true,"href":"https:\/\/linitiative.ca\/International\/wp-json\/wp\/v2\/tags?post=101708"}],"curies":[{"name":"wp","href":"https:\/\/api.w.org\/{rel}","templated":true}]}}