{"id":101709,"date":"2020-10-14T12:00:00","date_gmt":"2020-10-14T16:00:00","guid":{"rendered":"https:\/\/linitiative.ca\/International\/taha-yacine-khenissi-partira-partira-pas\/"},"modified":"2020-10-14T12:00:00","modified_gmt":"2020-10-14T16:00:00","slug":"taha-yacine-khenissi-partira-partira-pas","status":"publish","type":"post","link":"https:\/\/linitiative.ca\/International\/taha-yacine-khenissi-partira-partira-pas\/","title":{"rendered":"Taha Yacine Kh\u00e9nissi, partira, partira pas ?"},"content":{"rendered":"<p class=\"p1 c3\"><span class=\"c2\">Le contrat de Taha Yacine Kh\u00e9nissi expire le 30 juin prochain. Le joueur est convoit\u00e9 par un bon nombre d\u2019\u00e9quipes \u00e9trang\u00e8res, saoudiennes notamment. Et ce, en d\u00e9pit du montant<span class=\"Apple-converted-space\">\u00a0<\/span> exig\u00e9 par l\u2019Esp\u00e9rance ST pour le lib\u00e9rer outre l\u2019autre condition, celle consistant \u00e0 d\u00e9nicher le joueur en mesure de le remplacer. D\u2019autant plus que dans l\u2019\u00e9tat actuel des choses, il est difficile de d\u00e9nicher l\u2019attaquant ayant le m\u00eame profil que l\u2019international \u00ab \u00ab sang et or \u00bb.<\/span><\/p>\n<p class=\"p1 c3\"><span class=\"c2\">Au jour qu\u2019il est, les responsables de l\u2019\u00e9quipe de Bab Souika n\u2019ont pas pris de position, \u00e0 savoir celle de laisser partir un joueur qui a souvent contribu\u00e9 dans les sacres de l\u2019Esp\u00e9rance ST. D\u2019autant plus qu\u2019elle jouera, cette saison encore, sur plusieurs fronts : le championnat et la coupe sur le plan national, la ligue africaine des clubs champions outre une \u00e9ni\u00e8me participation dans une comp\u00e9tition arabe.<\/span><\/p>\n<p class=\"p2 c4\"><span class=\"c2\">\u00a0\u00a0 \u00a0 \u00a0<\/span><\/p>\n<p class=\"p3 c5\"><strong><span class=\"c2\">La piste Walter Bwalya<\/span><\/strong><\/p>\n<p class=\"p1 c3\"><span class=\"c2\">Il n\u2019emp\u00eache dans la mesure o\u00f9, au jour qu\u2019il est, les responsables \u00ab sang et or \u00bb n\u2019arr\u00eatent pas de mettre un terme \u00e0 leurs efforts, ceux consistant<span class=\"Apple-converted-space\">\u00a0<\/span> \u00e0 renforcer l\u2019\u00e9quipe par un attaquant en mesure de remplacer Taha Yacine Kh\u00e9nissi au cas o\u00f9 son d\u00e9part se pr\u00e9cise dans les toutes prochaines heures. Des responsables qui sont sur les traces d\u2019un certain Walter Bwalya, joueur zambien convoit\u00e9 \u00e9galement par leurs homologues d\u2019Al Ahly du Caire. Une Esp\u00e9rance ST dont les responsables sont plus que persuad\u00e9s que l\u2019effectif<span class=\"Apple-converted-space\">\u00a0<\/span> a un fort besoin de renforts de qualit\u00e9 pour aller au bout de leurs efforts et s\u2019imposer \u00e0 l\u2019\u00e9chelle nationale et notamment \u00e0 celle africaine pour faire aussi bien qu\u2019au terme les deux saisons pr\u00e9c\u00e9dentes marqu\u00e9es par deux sacres d\u2019affil\u00e9e.<span class=\"Apple-converted-space\">\u00a0<\/span><\/span><\/p>\n<p class=\"p4 c6\"><strong><span class=\"c2\">R. B. A<span class=\"Apple-converted-space\">\u00a0<\/span><\/span><\/strong><\/p>\n<p>Auteur: letemps1<br \/>\n<a href=\"http:\/\/www.letemps.com.tn\/article\/117547\/taha-yacine-kh%C3%A9nissi-partira-partira-pas\">Cliquez ici pour lire l&rsquo;article depuis sa source.<\/a><\/p>\n","protected":false},"excerpt":{"rendered":"<p>Le contrat de Taha Yacine Kh\u00e9nissi expire le 30 juin prochain. Le joueur est convoit\u00e9 par un bon nombre d\u2019\u00e9quipes \u00e9trang\u00e8res, saoudiennes notamment. Et ce, en d\u00e9pit du montant\u00a0 exig\u00e9 par l\u2019Esp\u00e9rance ST pour le lib\u00e9rer outre l\u2019autre condition, celle consistant \u00e0 d\u00e9nicher le joueur en mesure de le remplacer. D\u2019autant plus que dans l\u2019\u00e9tat [&hellip;]<\/p>\n","protected":false},"author":1773,"featured_media":0,"comment_status":"closed","ping_status":"closed","sticky":false,"template":"","format":"standard","meta":{"fifu_image_url":"","fifu_image_alt":"","footnotes":""},"categories":[73,55],"tags":[],"class_list":["post-101709","post","type-post","status-publish","format-standard","hentry","category-actualite","category-tunisie"],"_links":{"self":[{"href":"https:\/\/linitiative.ca\/International\/wp-json\/wp\/v2\/posts\/101709","targetHints":{"allow":["GET"]}}],"collection":[{"href":"https:\/\/linitiative.ca\/International\/wp-json\/wp\/v2\/posts"}],"about":[{"href":"https:\/\/linitiative.ca\/International\/wp-json\/wp\/v2\/types\/post"}],"author":[{"embeddable":true,"href":"https:\/\/linitiative.ca\/International\/wp-json\/wp\/v2\/users\/1773"}],"replies":[{"embeddable":true,"href":"https:\/\/linitiative.ca\/International\/wp-json\/wp\/v2\/comments?post=101709"}],"version-history":[{"count":0,"href":"https:\/\/linitiative.ca\/International\/wp-json\/wp\/v2\/posts\/101709\/revisions"}],"wp:attachment":[{"href":"https:\/\/linitiative.ca\/International\/wp-json\/wp\/v2\/media?parent=101709"}],"wp:term":[{"taxonomy":"category","embeddable":true,"href":"https:\/\/linitiative.ca\/International\/wp-json\/wp\/v2\/categories?post=101709"},{"taxonomy":"post_tag","embeddable":true,"href":"https:\/\/linitiative.ca\/International\/wp-json\/wp\/v2\/tags?post=101709"}],"curies":[{"name":"wp","href":"https:\/\/api.w.org\/{rel}","templated":true}]}}