{"id":101710,"date":"2020-10-14T12:00:00","date_gmt":"2020-10-14T16:00:00","guid":{"rendered":"https:\/\/linitiative.ca\/International\/l-international-libyen-mohamed-soula-premiere-recrue\/"},"modified":"2020-10-14T12:00:00","modified_gmt":"2020-10-14T16:00:00","slug":"l-international-libyen-mohamed-soula-premiere-recrue","status":"publish","type":"post","link":"https:\/\/linitiative.ca\/International\/l-international-libyen-mohamed-soula-premiere-recrue\/","title":{"rendered":"L\u2019 international libyen  Mohamed Soula, premi\u00e8re recrue"},"content":{"rendered":"<p class=\"p1 c3\"><span class=\"c2\">Le CS Sfaxien tient sa premi\u00e8re recrue. Il s&rsquo;agit du milieu de terrain internation libyen, Mohamed Soula, \u00e2g\u00e9 de 27 ans a \u00e9t\u00e9 recrut\u00e9 pour deux ann\u00e9es en transfert libre, le joueur \u00e9tant en fin de contrat avec son club Al Muharrag bahre\u00efni. C&rsquo;est l&rsquo;entra\u00eeneur Faouzi Benzarti qui connait bien les qualit\u00e9s du joueur libyen pour l&rsquo;avoir entra\u00een\u00e9 avec la s\u00e9lection de son pays qui l&rsquo;a recommand\u00e9 aux dirigeants du club. Mohamed Soula devrait \u00eatre avec le groupe au d\u00e9but de la prochaine semaine.<\/span><\/p>\n<p class=\"p2 c4\">\u00a0<\/p>\n<p class=\"p3 c5\"><span class=\"c2\"><strong>Composition du staff technique <span class=\"Apple-converted-space\">\u00a0<\/span><\/strong><\/span><\/p>\n<p class=\"p1 c3\"><span class=\"c2\">Le staff technique de l&rsquo;\u00e9quipe premi\u00e8re de football vient d&rsquo;\u00eatre arr\u00eat\u00e9<span class=\"Apple-converted-space\">\u00a0<\/span> Sa<span class=\"Apple-converted-space\">\u00a0<\/span> composition s&rsquo;est \u00e9tablie comme suit :<span class=\"Apple-converted-space\">\u00a0<\/span><\/span><\/p>\n<p class=\"p1 c3\"><span class=\"c2\">Entra\u00eeneur principal: Faouzi Benzarti<\/span><\/p>\n<p class=\"p1 c3\"><span class=\"c2\">Entra\u00eeneurs assistants:<span class=\"Apple-converted-space\">\u00a0<\/span> Anis Boujelb\u00e8ne et Imed Ben Youn\u00e8s<\/span><\/p>\n<p class=\"p1 c3\"><span class=\"c2\">Pr\u00e9parateur physique: Wassim Maalla<span class=\"Apple-converted-space\">\u00a0<\/span><\/span><\/p>\n<p class=\"p1 c3\"><span class=\"c2\">Entra\u00eeneur des gardiens: Karim S\u00e9ba\u00ee<\/span><\/p>\n<p class=\"p1 c3\"><span class=\"c2\">A titre de rappel, notons que<span class=\"Apple-converted-space\">\u00a0<\/span> Wassim Maalla a assum\u00e9 au d\u00e9but de la saison les t\u00e2ches d&rsquo;entra\u00eeneur adjoint du mont\u00e9n\u00e9grin, Nebusha Jojovic, avant d&rsquo;aller, \u00e0 l&rsquo;issue de la s\u00e9paration avec ce dernier, exercer au Stade Tunisien au poste d&rsquo;entra\u00eeneur adjoint de Anis Boussa\u00efdi.<\/span><\/p>\n<p class=\"p2 c4\">\u00a0<\/p>\n<p class=\"p3 c5\"><span class=\"c2\"><strong>Makni et Harouni pr\u00eat\u00e9s<span class=\"Apple-converted-space\">\u00a0<\/span><\/strong><\/span><\/p>\n<p class=\"p3 c5\"><span class=\"c2\"><strong>\u00e0 L&rsquo;USBG<\/strong><\/span><\/p>\n<p class=\"p1 c3\"><span class=\"c2\">Le lat\u00e9ral gauche Mohamed Amine Hamrouni et le milieu de terrain d\u00e9fensif Firas Makni \u00e9volueornt la saison prochaine sous les couleurs de l&rsquo;USBG sous forme d&rsquo;un pr\u00eat d&rsquo;une ann\u00e9e. D&rsquo;autres joueurs qui ont \u00e9t\u00e9 mis sur la liste des partants par Faouzi Benzarti seront pr\u00eat\u00e9s dans les tous prochains jours. La liste des partants, venons-nous, d&rsquo;apprendre a \u00e9t\u00e9 d\u00e9j\u00e0 \u00e9tablie par l&rsquo;entra\u00eeneur ell sera r\u00e9v\u00e9l\u00e9e dans les tout prochains jours. Mais d&rsquo;ores et d\u00e9j\u00e0 des joueurs tels que les deux alg\u00e9riens Islam Bakir et Rachid Ait Othmane ainsi que Aymen Hriz seraient parmi les candidats au d\u00e9part.<span class=\"Apple-converted-space\">\u00a0<\/span><\/span><\/p>\n<p class=\"p4 c6\"><span class=\"c2\"><strong>Ameur KERKENNI<\/strong><\/span><\/p>\n<p>Auteur: letemps1<br \/>\n<a href=\"http:\/\/www.letemps.com.tn\/article\/117548\/l%E2%80%99-international-libyen-mohamed-soula-premi%C3%A8re-recrue\">Cliquez ici pour lire l&rsquo;article depuis sa source.<\/a><\/p>\n","protected":false},"excerpt":{"rendered":"<p>Le CS Sfaxien tient sa premi\u00e8re recrue. Il s&rsquo;agit du milieu de terrain internation libyen, Mohamed Soula, \u00e2g\u00e9 de 27 ans a \u00e9t\u00e9 recrut\u00e9 pour deux ann\u00e9es en transfert libre, le joueur \u00e9tant en fin de contrat avec son club Al Muharrag bahre\u00efni. C&rsquo;est l&rsquo;entra\u00eeneur Faouzi Benzarti qui connait bien les qualit\u00e9s du joueur libyen [&hellip;]<\/p>\n","protected":false},"author":1773,"featured_media":0,"comment_status":"closed","ping_status":"closed","sticky":false,"template":"","format":"standard","meta":{"fifu_image_url":"","fifu_image_alt":"","footnotes":""},"categories":[73,55],"tags":[],"class_list":["post-101710","post","type-post","status-publish","format-standard","hentry","category-actualite","category-tunisie"],"_links":{"self":[{"href":"https:\/\/linitiative.ca\/International\/wp-json\/wp\/v2\/posts\/101710","targetHints":{"allow":["GET"]}}],"collection":[{"href":"https:\/\/linitiative.ca\/International\/wp-json\/wp\/v2\/posts"}],"about":[{"href":"https:\/\/linitiative.ca\/International\/wp-json\/wp\/v2\/types\/post"}],"author":[{"embeddable":true,"href":"https:\/\/linitiative.ca\/International\/wp-json\/wp\/v2\/users\/1773"}],"replies":[{"embeddable":true,"href":"https:\/\/linitiative.ca\/International\/wp-json\/wp\/v2\/comments?post=101710"}],"version-history":[{"count":0,"href":"https:\/\/linitiative.ca\/International\/wp-json\/wp\/v2\/posts\/101710\/revisions"}],"wp:attachment":[{"href":"https:\/\/linitiative.ca\/International\/wp-json\/wp\/v2\/media?parent=101710"}],"wp:term":[{"taxonomy":"category","embeddable":true,"href":"https:\/\/linitiative.ca\/International\/wp-json\/wp\/v2\/categories?post=101710"},{"taxonomy":"post_tag","embeddable":true,"href":"https:\/\/linitiative.ca\/International\/wp-json\/wp\/v2\/tags?post=101710"}],"curies":[{"name":"wp","href":"https:\/\/api.w.org\/{rel}","templated":true}]}}