{"id":101712,"date":"2020-10-14T12:00:00","date_gmt":"2020-10-14T16:00:00","guid":{"rendered":"https:\/\/linitiative.ca\/International\/je-nai-pas-appele-a-une-a-g-elective\/"},"modified":"2020-10-14T12:00:00","modified_gmt":"2020-10-14T16:00:00","slug":"je-nai-pas-appele-a-une-a-g-elective","status":"publish","type":"post","link":"https:\/\/linitiative.ca\/International\/je-nai-pas-appele-a-une-a-g-elective\/","title":{"rendered":"\u00abJe n\u2019ai pas appel\u00e9 \u00e0 une A.G.\u00e9lective !\u00bb"},"content":{"rendered":"<p class=\"p1 c4\"><span class=\"c3\"><span class=\"c2\">Ces derniers jours, plusieurs bruits ont circul\u00e9 faisant \u00e9tat d\u2019un appel \u00e9manant du pr\u00e9sident de l\u2019Etoile Ridha Charfeddine visant \u00e0 organiser une assembl\u00e9e g\u00e9n\u00e9rale \u00e9lective dans les prochaines semaines ;allant jusqu\u2019\u00e0 \u00e9voquer son intention de quitter de nouveau son poste.<\/span><\/span><\/p>\n<p class=\"p1 c4\"><span class=\"c3\"><span class=\"c2\">Pour \u00e9lucider cette affaire, on a saisi le patron de l\u2019ESS qui a tenu sur un ton remont\u00e9 voire \u00e9c\u0153ur\u00e9, \u00e0 d\u00e9mentir de telles all\u00e9gations, tout en exprimant sa profonde indignation quant \u00e0 certains \u00ab vilains agissements \u00bb selon ses dires \u00ab Je tiens \u00e0 pr\u00e9ciser que j\u2019ai appel\u00e9 \u00e0 la tenue d\u2019une assembl\u00e9e g\u00e9n\u00e9rale ordinaire \u00e9valuative conform\u00e9ment aux r\u00e8glements d\u2019usage, apr\u00e8s finalisation de tous les rapports :moral et financier.D\u2019ailleurs,il faut admettre que l\u2019Etoile est parmi les rares clubs qui organisent annuellement et syst\u00e9matiquement ses AGO et dans la transparence totale. Par contre, je n\u2019ai jamais appel\u00e9 \u00e0 la tenue d\u2019une assembl\u00e9e \u00e9valuative, donc les informations colport\u00e9es \u00e0 ce sujet sont fallacieuses et d\u00e9nu\u00e9es de tout fondement.D\u2019ailleurs,je profite de l\u2019occasion pour affirmer que je ne compte gu\u00e8re abandonner le navire malgr\u00e9 les tentatives de d\u00e9stabilisation \u00e0 la fois permanentes et vilaines et les coups bas fusant de partout et qui visent \u00e0 nuire \u00e0 ma personne et \u00e0 la marche du club. Je suis un homme responsable dans le sens profond du terme. Ceux qui multiplient ces d\u00e9rapages feraient mieux d\u2019aider le club financi\u00e8rement ou \u00e0 d\u00e9faut d\u2019\u00eatre plus constructifs et vertueux \u00bb.<\/span><\/span><\/p>\n<p class=\"p2 c5\">\u00a0<\/p>\n<p class=\"p3 c7\"><strong><span class=\"c3\"><span class=\"c2\">Une fin de non-recevoir<span class=\"Apple-converted-space\">\u00a0<\/span><\/span><\/span><span class=\"c6\">\u00e0 l\u2019ultimatum lanc\u00e9e<\/span><span class=\"Apple-converted-space c6\">\u00a0<\/span><\/strong><\/p>\n<p class=\"p3 c7\"><strong><span class=\"c3\"><span class=\"c2\">par une frange<span class=\"Apple-converted-space\">\u00a0<\/span> de supporters !<\/span><\/span><\/strong><\/p>\n<p class=\"p1 c4\"><span class=\"c3\"><span class=\"c2\">A la question relative \u00e0 \u00ab l\u2019ultimatum \u00bb de 72H lanc\u00e9 par certaines pages Facebook des supporters, l\u2019exhortant \u00e0 les rencontrer pour d\u00e9battre des diff\u00e9rents probl\u00e8mes endur\u00e9s par le club, Ridha Charfeddine a \u00e9t\u00e9 cat\u00e9gorique \u00ab Je n\u2019envisage point de r\u00e9pondre favorablement \u00e0 cette requ\u00eate et je n\u2019adh\u00e8re \u00e0 aucun ultimatum. Je me d\u00e9bats, seul, tous les jours pour subvenir aux besoins pressants et galopants du club et je suis au four et au moulin pour trouver les solutions idoines pour les diff\u00e9rents probl\u00e8mes, m\u00eame les plus minimes. Je n\u2019ai vraiment pas le temps de m\u2019int\u00e9resser \u00e0 des futilit\u00e9s, je travaille 7 jours sur 7 et je n\u2019ai pas le moindre moment de r\u00e9pit, contrairement \u00e0 d\u2019autres gens qui ne foutent rien et qui passent leur temps \u00e0 critiquer en permanence autour d\u2019un caf\u00e9 ou derri\u00e8re leur t\u00e9l\u00e9phones. Ceux qui critiquement ou plut\u00f4t d\u00e9nigrent en permanence les diff\u00e9rents responsables du club, doivent bien savoir qu\u2019ils sont entrain de rebuter toutes les personnes voulant assumer des responsabilit\u00e9s au sein de l\u2019Etoile. \u00bb,s\u2019est confess\u00e9 le pr\u00e9sident \u00e9toil\u00e9 avec un timbre r\u00e9volt\u00e9 et profond\u00e9ment indign\u00e9.<\/span><\/span><\/p>\n<p class=\"p1 c4\"><span class=\"c3\"><span class=\"c2\">En clair, l\u2019Etoile du sahel a grandement besoin d\u2019une v\u00e9ritable communion vertueuse et surtout d\u00e9sint\u00e9ress\u00e9e, mais surtout de solutions constructives et pragmatiques fonci\u00e8rement d\u2019ordre financier, parce que finalement c\u2019est l\u00e0 le vrai probl\u00e8me, tout le reste, c\u2019est de la litt\u00e9rature et de la d\u00e9magogie qui ne paient pas les salaires des fins du mois et qui n\u2019aident pas le club \u00e0 payer les factures de ses fournisseurs. De fait, il est vrai qu\u2019il va falloir corriger au plus vite certaines approches incoh\u00e9rentes, mais il va falloir \u00e9galement moraliser les critiques et respecter les gens qui fournissent de l\u2019effort.<\/span><\/span><\/p>\n<p class=\"p2 c5\">\u00a0<\/p>\n<p class=\"p3 c7\"><strong><span class=\"c3\"><span class=\"c2\">Salah Hrabi r\u00e9tabli<\/span><\/span><\/strong><\/p>\n<p class=\"p1 c4\"><span class=\"c3\"><span class=\"c2\">Ayant \u00e9t\u00e9 contamin\u00e9 par le Covid-19 le jeune arri\u00e8re central \u00e9toil\u00e9 Salah Hrabi vient de remporter son combat contre ce m\u00e9chant virus qui n\u2019est d\u00e9sormais qu\u2019un mauvais souvenir.<span class=\"Apple-converted-space\">\u00a0<\/span><\/span><\/span><\/p>\n<p class=\"p2 c5\">\u00a0<\/p>\n<p class=\"p3 c7\"><strong><span class=\"c3\"><span class=\"c2\">Nawfel Chebil<span class=\"Apple-converted-space\">\u00a0<\/span> pour l\u2019\u00e9quipe B !<\/span><\/span><\/strong><\/p>\n<p class=\"p1 c4\"><span class=\"c3\"><span class=\"c2\">Les entrainements ont repris depuis lundi sous la houlette de Mohamed Ali Nafkha en attendant le retour de Mehdi Nafti.Mais le fait insolite reste la pr\u00e9sence de Nawfel Chebil \u00e0 la t\u00eate de l\u2019\u00e9quipe B lui qui \u00e9tait en charge tout r\u00e9cemment de l\u2019\u00e9quipe premi\u00e8re\u2026 !<\/span><\/span><\/p>\n<p class=\"p4 c8\"><strong><span class=\"c3\"><span class=\"c2\">Hatem REGAIEG<\/span><\/span><\/strong><\/p>\n<p>Auteur: letemps1<br \/>\n<a href=\"http:\/\/www.letemps.com.tn\/article\/117550\/%C2%ABje-n%E2%80%99ai-pas-appel%C3%A9-%C3%A0-une-ag%C3%A9lective-%C2%BB\">Cliquez ici pour lire l&rsquo;article depuis sa source.<\/a><\/p>\n","protected":false},"excerpt":{"rendered":"<p>Ces derniers jours, plusieurs bruits ont circul\u00e9 faisant \u00e9tat d\u2019un appel \u00e9manant du pr\u00e9sident de l\u2019Etoile Ridha Charfeddine visant \u00e0 organiser une assembl\u00e9e g\u00e9n\u00e9rale \u00e9lective dans les prochaines semaines ;allant jusqu\u2019\u00e0 \u00e9voquer son intention de quitter de nouveau son poste. Pour \u00e9lucider cette affaire, on a saisi le patron de l\u2019ESS qui a tenu sur [&hellip;]<\/p>\n","protected":false},"author":1773,"featured_media":0,"comment_status":"closed","ping_status":"closed","sticky":false,"template":"","format":"standard","meta":{"fifu_image_url":"","fifu_image_alt":"","footnotes":""},"categories":[73,55],"tags":[],"class_list":["post-101712","post","type-post","status-publish","format-standard","hentry","category-actualite","category-tunisie"],"_links":{"self":[{"href":"https:\/\/linitiative.ca\/International\/wp-json\/wp\/v2\/posts\/101712","targetHints":{"allow":["GET"]}}],"collection":[{"href":"https:\/\/linitiative.ca\/International\/wp-json\/wp\/v2\/posts"}],"about":[{"href":"https:\/\/linitiative.ca\/International\/wp-json\/wp\/v2\/types\/post"}],"author":[{"embeddable":true,"href":"https:\/\/linitiative.ca\/International\/wp-json\/wp\/v2\/users\/1773"}],"replies":[{"embeddable":true,"href":"https:\/\/linitiative.ca\/International\/wp-json\/wp\/v2\/comments?post=101712"}],"version-history":[{"count":0,"href":"https:\/\/linitiative.ca\/International\/wp-json\/wp\/v2\/posts\/101712\/revisions"}],"wp:attachment":[{"href":"https:\/\/linitiative.ca\/International\/wp-json\/wp\/v2\/media?parent=101712"}],"wp:term":[{"taxonomy":"category","embeddable":true,"href":"https:\/\/linitiative.ca\/International\/wp-json\/wp\/v2\/categories?post=101712"},{"taxonomy":"post_tag","embeddable":true,"href":"https:\/\/linitiative.ca\/International\/wp-json\/wp\/v2\/tags?post=101712"}],"curies":[{"name":"wp","href":"https:\/\/api.w.org\/{rel}","templated":true}]}}