{"id":101717,"date":"2020-10-14T15:13:25","date_gmt":"2020-10-14T19:13:25","guid":{"rendered":"https:\/\/linitiative.ca\/International\/pros-angers-el-melali-ecarte-du-groupe-pro\/"},"modified":"2020-10-14T15:13:25","modified_gmt":"2020-10-14T19:13:25","slug":"pros-angers-el-melali-ecarte-du-groupe-pro","status":"publish","type":"post","link":"https:\/\/linitiative.ca\/International\/pros-angers-el-melali-ecarte-du-groupe-pro\/","title":{"rendered":"Pros : Angers: El Melali \u00e9cart\u00e9 du groupe pro"},"content":{"rendered":"<div readability=\"32\">\n<p>Auteur : <span class=\"time\">mercredi 14 octobre 2020 18:08<\/span><\/p>\n<\/div>\n<div id=\"post_core\" readability=\"41\">\n<p>Farid El Melali va devoir patienter avant de rejouer avec Angers. L&rsquo;ailier angevin a \u00e9t\u00e9 \u00e9cart\u00e9 du groupe professionnel pour les deux prochaines semaines, r\u00e9v\u00e8le Ouest-France. La raison ? Le directeur sportif du SCO, S\u00e9bastien Larcier, \u00e9voque des \u00ab\u00a0raisons disciplinaires\u00a0\u00bb. Il s&rsquo;agit de retards r\u00e9p\u00e9t\u00e9s \u00e0 l\u2019entra\u00eenement, pr\u00e9cise le quotidien r\u00e9gional. \u00ab\u00a0On l\u2019avait re\u00e7u il y a quelque temps pour lui expliquer la marche \u00e0 suivre mais il n\u2019y avait pas de mieux donc il a fallu s\u00e9vir\u00a0\u00bb, soupire le dirigeant angevin. De retour de blessure, El Melali devrait donc s&rsquo;entra\u00eener avec la r\u00e9serve pendant deux semaines rapporte Maxifoot.fr.<\/p>\n<p><strong>Publi\u00e9 dans :<\/strong> <span>El Melali<\/span><\/p>\n<\/div>\n<p>Auteur:<br \/>\n<a href=\"http:\/\/www.lebuteur.com\/article\/detail?titre=angers-el-melali-ecarte-du-groupe-pro&#038;id=97615&#038;utm_source=feedburner&#038;utm_medium=feed&#038;utm_campaign=Feed%3A+GalerieFArtciles+%28Les+derniers+articles++-+lebuteur.com%29\">Cliquez ici pour lire l&rsquo;article depuis sa source.<\/a><\/p>\n","protected":false},"excerpt":{"rendered":"<p>Auteur : mercredi 14 octobre 2020 18:08 Farid El Melali va devoir patienter avant de rejouer avec Angers. L&rsquo;ailier angevin a \u00e9t\u00e9 \u00e9cart\u00e9 du groupe professionnel pour les deux prochaines semaines, r\u00e9v\u00e8le Ouest-France. La raison ? Le directeur sportif du SCO, S\u00e9bastien Larcier, \u00e9voque des \u00ab\u00a0raisons disciplinaires\u00a0\u00bb. Il s&rsquo;agit de retards r\u00e9p\u00e9t\u00e9s \u00e0 l\u2019entra\u00eenement, pr\u00e9cise [&hellip;]<\/p>\n","protected":false},"author":1738,"featured_media":101718,"comment_status":"closed","ping_status":"closed","sticky":false,"template":"","format":"standard","meta":{"fifu_image_url":"","fifu_image_alt":"","footnotes":""},"categories":[53,75],"tags":[],"class_list":["post-101717","post","type-post","status-publish","format-standard","has-post-thumbnail","hentry","category-algerie","category-sport"],"_links":{"self":[{"href":"https:\/\/linitiative.ca\/International\/wp-json\/wp\/v2\/posts\/101717","targetHints":{"allow":["GET"]}}],"collection":[{"href":"https:\/\/linitiative.ca\/International\/wp-json\/wp\/v2\/posts"}],"about":[{"href":"https:\/\/linitiative.ca\/International\/wp-json\/wp\/v2\/types\/post"}],"author":[{"embeddable":true,"href":"https:\/\/linitiative.ca\/International\/wp-json\/wp\/v2\/users\/1738"}],"replies":[{"embeddable":true,"href":"https:\/\/linitiative.ca\/International\/wp-json\/wp\/v2\/comments?post=101717"}],"version-history":[{"count":0,"href":"https:\/\/linitiative.ca\/International\/wp-json\/wp\/v2\/posts\/101717\/revisions"}],"wp:featuredmedia":[{"embeddable":true,"href":"https:\/\/linitiative.ca\/International\/wp-json\/"}],"wp:attachment":[{"href":"https:\/\/linitiative.ca\/International\/wp-json\/wp\/v2\/media?parent=101717"}],"wp:term":[{"taxonomy":"category","embeddable":true,"href":"https:\/\/linitiative.ca\/International\/wp-json\/wp\/v2\/categories?post=101717"},{"taxonomy":"post_tag","embeddable":true,"href":"https:\/\/linitiative.ca\/International\/wp-json\/wp\/v2\/tags?post=101717"}],"curies":[{"name":"wp","href":"https:\/\/api.w.org\/{rel}","templated":true}]}}