{"id":101723,"date":"2020-10-13T20:00:00","date_gmt":"2020-10-14T00:00:00","guid":{"rendered":"https:\/\/linitiative.ca\/International\/cooperation-islamique-le-hci-prendra-part-a-un-colloque-international-fin-octobre\/"},"modified":"2020-10-13T20:00:00","modified_gmt":"2020-10-14T00:00:00","slug":"cooperation-islamique-le-hci-prendra-part-a-un-colloque-international-fin-octobre","status":"publish","type":"post","link":"https:\/\/linitiative.ca\/International\/cooperation-islamique-le-hci-prendra-part-a-un-colloque-international-fin-octobre\/","title":{"rendered":"Coop\u00e9ration islamique : Le HCI prendra part \u00e0 un colloque international fin octobre"},"content":{"rendered":"<p>Le pr\u00e9sident du Haut Conseil islamique (HCI), Bouabdallah Ghoulamallah, prendra part, le 31 octobre prochain au 34e colloque international de l&rsquo;unit\u00e9 islamique, organis\u00e9 par visioconf\u00e9rence, indique hier un communiqu\u00e9 du HCI.<br \/>Le colloque qui se tiendra du 31 octobre au 3 novembre prochain \u00e0 T\u00e9h\u00e9ran (Iran) portera sur \u00abla coop\u00e9ration islamique face aux catastrophes, notamment face \u00e0 la pand\u00e9mie du coronavirus\u00bb, a pr\u00e9cis\u00e9 le HCI.\u00a0\u00a0 \u00a0<br \/>Lors de ce colloque qui r\u00e9unira plus de 100 participants, le pr\u00e9sident du HCI pr\u00e9sentera \u00abl&rsquo;effort national de l&rsquo;Etat alg\u00e9rien pour faire face \u00e0 la pand\u00e9mie du Coronavirus\u00bb, a-t-on ajout\u00e9.<\/p>\n<p>Auteur: elmoudjahid<br \/>\n<a href=\"http:\/\/www.elmoudjahid.com\/fr\/actualites\/160651\">Cliquez ici pour lire l&rsquo;article depuis sa source.<\/a><\/p>\n","protected":false},"excerpt":{"rendered":"<p>Le pr\u00e9sident du Haut Conseil islamique (HCI), Bouabdallah Ghoulamallah, prendra part, le 31 octobre prochain au 34e colloque international de l&rsquo;unit\u00e9 islamique, organis\u00e9 par visioconf\u00e9rence, indique hier un communiqu\u00e9 du HCI.Le colloque qui se tiendra du 31 octobre au 3 novembre prochain \u00e0 T\u00e9h\u00e9ran (Iran) portera sur \u00abla coop\u00e9ration islamique face aux catastrophes, notamment face [&hellip;]<\/p>\n","protected":false},"author":1744,"featured_media":0,"comment_status":"closed","ping_status":"closed","sticky":false,"template":"","format":"standard","meta":{"fifu_image_url":"","fifu_image_alt":"","footnotes":""},"categories":[73,53],"tags":[],"class_list":["post-101723","post","type-post","status-publish","format-standard","hentry","category-actualite","category-algerie"],"_links":{"self":[{"href":"https:\/\/linitiative.ca\/International\/wp-json\/wp\/v2\/posts\/101723","targetHints":{"allow":["GET"]}}],"collection":[{"href":"https:\/\/linitiative.ca\/International\/wp-json\/wp\/v2\/posts"}],"about":[{"href":"https:\/\/linitiative.ca\/International\/wp-json\/wp\/v2\/types\/post"}],"author":[{"embeddable":true,"href":"https:\/\/linitiative.ca\/International\/wp-json\/wp\/v2\/users\/1744"}],"replies":[{"embeddable":true,"href":"https:\/\/linitiative.ca\/International\/wp-json\/wp\/v2\/comments?post=101723"}],"version-history":[{"count":0,"href":"https:\/\/linitiative.ca\/International\/wp-json\/wp\/v2\/posts\/101723\/revisions"}],"wp:attachment":[{"href":"https:\/\/linitiative.ca\/International\/wp-json\/wp\/v2\/media?parent=101723"}],"wp:term":[{"taxonomy":"category","embeddable":true,"href":"https:\/\/linitiative.ca\/International\/wp-json\/wp\/v2\/categories?post=101723"},{"taxonomy":"post_tag","embeddable":true,"href":"https:\/\/linitiative.ca\/International\/wp-json\/wp\/v2\/tags?post=101723"}],"curies":[{"name":"wp","href":"https:\/\/api.w.org\/{rel}","templated":true}]}}