{"id":101724,"date":"2020-10-13T20:00:00","date_gmt":"2020-10-14T00:00:00","guid":{"rendered":"https:\/\/linitiative.ca\/International\/energie-une-delegation-du-village-dait-ergane-recue-par-m-%e2%80%88attar\/"},"modified":"2020-10-13T20:00:00","modified_gmt":"2020-10-14T00:00:00","slug":"energie-une-delegation-du-village-dait-ergane-recue-par-m-%e2%80%88attar","status":"publish","type":"post","link":"https:\/\/linitiative.ca\/International\/energie-une-delegation-du-village-dait-ergane-recue-par-m-%e2%80%88attar\/","title":{"rendered":"Energie :  Une d\u00e9l\u00e9gation du village  d\u2019A\u00eft Ergane re\u00e7ue par M.\u2008Attar"},"content":{"rendered":"<div class=\"TxArtcile\" readability=\"22\">\n<p>Suite au retard enregistr\u00e9 dans le raccordement en gaz d\u2019une soixantaine de foyers du village d\u2019A\u00eft Ergane, commune d\u2019Agouni Gueghran, dans la wilaya de Tizi Ouzou, une d\u00e9l\u00e9gation repr\u00e9sentant le comit\u00e9 de village a \u00e9t\u00e9 re\u00e7ue, successivement, par le m\u00e9diateur de la R\u00e9publique, Karim Younes, et le ministre de l\u2019\u00c9nergie, Abdelmadjid Attar.\u00a0\u00a0<br \/>En d\u00e9pit de la mise en service de la DP gaz de la localit\u00e9 en 2019, ce retard \u00e9tait d\u00fb \u00e0 l\u2019\u00e9puisement de l\u2019enveloppe consacr\u00e9e \u00e0 cette op\u00e9ration, indique un\u00a0\u00a0\u00a0\u00a0\u00a0\u00a0\u00a0\u00a0\u00a0\u00a0\u00a0\u00a0\u00a0\u00a0\u00a0\u00a0\u00a0\u00a0\u00a0\u00a0\u00a0\u00a0\u00a0\u00a0\u00a0\u00a0 communiqu\u00e9 du minist\u00e8re.<br \/>Les repr\u00e9sentants ont fait part du souhait de la population du village de b\u00e9n\u00e9ficier de cette \u00e9nergie durant la saison hivernale, caract\u00e9ris\u00e9e par des conditions climatiques tr\u00e8s dures.<br \/>Le ministre a rassur\u00e9 les repr\u00e9sentants du comit\u00e9 et la population de la prise en charge de ce probl\u00e8me en collaboration avec les autorit\u00e9s locales, d\u2019autant plus que le r\u00e9seau de transport existe. Le ministre a rappel\u00e9 que le gouvernement accorde une importance particuli\u00e8re au raccordement en \u00e9lectricit\u00e9 et en gaz des zones d\u2019ombre \u00e0 travers le territoire national.<\/p>\n<\/div>\n<div class=\"ModliArtilUne\">\n<ul>\n<li><strong>Publi\u00e9 dans :<\/strong><\/li>\n<\/ul>\n<\/div>\n<div class=\"MbComIns\" id=\"newcom\" readability=\"5.6940298507463\">\n<h6>DONNEZ VOTRE AVIS<\/h6>\n<p>Il n&rsquo;y a actuellement aucune r\u00e9action \u00e0 cette information. Soyez le premier \u00e0 r\u00e9agir !<\/p>\n<p><a href=\"\" rel=\"#popup\" class=\"login resetbutton\">Identifiez-vous<\/a><a class=\"button\" href=\"https:\/\/elmoudjahid.com\/fr\/inscription\/\"><span>S&rsquo;inscrire<\/span><\/a><\/p>\n<\/div>\n<p>Auteur: elmoudjahid<br \/>\n<a href=\"http:\/\/www.elmoudjahid.com\/fr\/actualites\/160652\">Cliquez ici pour lire l&rsquo;article depuis sa source.<\/a><\/p>\n","protected":false},"excerpt":{"rendered":"<p>Suite au retard enregistr\u00e9 dans le raccordement en gaz d\u2019une soixantaine de foyers du village d\u2019A\u00eft Ergane, commune d\u2019Agouni Gueghran, dans la wilaya de Tizi Ouzou, une d\u00e9l\u00e9gation repr\u00e9sentant le comit\u00e9 de village a \u00e9t\u00e9 re\u00e7ue, successivement, par le m\u00e9diateur de la R\u00e9publique, Karim Younes, et le ministre de l\u2019\u00c9nergie, Abdelmadjid Attar.\u00a0\u00a0En d\u00e9pit de la [&hellip;]<\/p>\n","protected":false},"author":1744,"featured_media":0,"comment_status":"closed","ping_status":"closed","sticky":false,"template":"","format":"standard","meta":{"fifu_image_url":"","fifu_image_alt":"","footnotes":""},"categories":[73,53],"tags":[],"class_list":["post-101724","post","type-post","status-publish","format-standard","hentry","category-actualite","category-algerie"],"_links":{"self":[{"href":"https:\/\/linitiative.ca\/International\/wp-json\/wp\/v2\/posts\/101724","targetHints":{"allow":["GET"]}}],"collection":[{"href":"https:\/\/linitiative.ca\/International\/wp-json\/wp\/v2\/posts"}],"about":[{"href":"https:\/\/linitiative.ca\/International\/wp-json\/wp\/v2\/types\/post"}],"author":[{"embeddable":true,"href":"https:\/\/linitiative.ca\/International\/wp-json\/wp\/v2\/users\/1744"}],"replies":[{"embeddable":true,"href":"https:\/\/linitiative.ca\/International\/wp-json\/wp\/v2\/comments?post=101724"}],"version-history":[{"count":0,"href":"https:\/\/linitiative.ca\/International\/wp-json\/wp\/v2\/posts\/101724\/revisions"}],"wp:attachment":[{"href":"https:\/\/linitiative.ca\/International\/wp-json\/wp\/v2\/media?parent=101724"}],"wp:term":[{"taxonomy":"category","embeddable":true,"href":"https:\/\/linitiative.ca\/International\/wp-json\/wp\/v2\/categories?post=101724"},{"taxonomy":"post_tag","embeddable":true,"href":"https:\/\/linitiative.ca\/International\/wp-json\/wp\/v2\/tags?post=101724"}],"curies":[{"name":"wp","href":"https:\/\/api.w.org\/{rel}","templated":true}]}}