{"id":101725,"date":"2020-10-13T20:00:00","date_gmt":"2020-10-14T00:00:00","guid":{"rendered":"https:\/\/linitiative.ca\/International\/bureau-de-lapn-un-huis-clos-le-20-octobre-pour-decider-de-la-levee-dimmunite-de-deux-deputes\/"},"modified":"2020-10-13T20:00:00","modified_gmt":"2020-10-14T00:00:00","slug":"bureau-de-lapn-un-huis-clos-le-20-octobre-pour-decider-de-la-levee-dimmunite-de-deux-deputes","status":"publish","type":"post","link":"https:\/\/linitiative.ca\/International\/bureau-de-lapn-un-huis-clos-le-20-octobre-pour-decider-de-la-levee-dimmunite-de-deux-deputes\/","title":{"rendered":"Bureau de l\u2019APN :   Un huis clos le 20 octobre pour d\u00e9cider  de la lev\u00e9e d\u2019immunit\u00e9 de deux d\u00e9put\u00e9s"},"content":{"rendered":"<div class=\"TxArtcile\" readability=\"25\">\n<p>Le Bureau de l&rsquo;Assembl\u00e9e populaire nationale (APN) tiendra, le 20 octobre courant, une s\u00e9ance \u00e0 huis clos pour trancher sur les demandes d&rsquo;activation de la proc\u00e9dure de lev\u00e9e de l&rsquo;immunit\u00e9 parlementaire de deux d\u00e9put\u00e9s.<br \/>\u00abVu le rapport de la Commission des affaires juridiques, administratives et des libert\u00e9s relatif aux demandes de lev\u00e9e de l&rsquo;immunit\u00e9 parlementaire de deux d\u00e9put\u00e9s, le Bureau de l&rsquo;APN a d\u00e9cid\u00e9 de se r\u00e9unir \u00e0 huis clos le mardi 20 octobre 2020 pour trancher sur l&rsquo;activation de la proc\u00e9dure, conform\u00e9ment \u00e0 l&rsquo;article 72 du r\u00e8glement int\u00e9rieur de l&rsquo;APN\u00bb, indique hier un communiqu\u00e9 de la Chambre basse.<br \/>Par ailleurs, indique la m\u00eame source, \u00able Bureau a transmis \u00e0 la Commission des affaires juridiques, administratives et des libert\u00e9s pour avis, les d\u00e9clarations de non incompatibilit\u00e9 de trois nouveaux membres et examin\u00e9 des demandes d&rsquo;organisation d&rsquo;activit\u00e9s parlementaires\u00bb.<br \/>Pour rappel, la Commission des affaires juridiques, administratives et des libert\u00e9s de l&rsquo;APN s&rsquo;\u00e9tait r\u00e9unie le 7 octobre pass\u00e9 pour examiner la demande de lev\u00e9e de l&rsquo;immunit\u00e9 parlementaire des d\u00e9put\u00e9s Abdelkader Ouali et Mohcine Belabbas.<br \/>La commission avait de nouveau auditionn\u00e9 le d\u00e9put\u00e9 Abdelkader Ouali qui s&rsquo;est exprim\u00e9 sur les faits qui lui sont reproch\u00e9s, refusant de renoncer \u00e0 son immunit\u00e9 parlementaire\u00bb.<br \/>Apr\u00e8s lui avoir donn\u00e9 une seconde chance en le convoquant pour la m\u00eame s\u00e9ance, la commission avait pris acte du refus du d\u00e9put\u00e9 Mohcine Belabbas d&rsquo;\u00eatre auditionn\u00e9, avant l\u2019application de la proc\u00e9dure en pareil cas.<\/p>\n<\/div>\n<div class=\"ModliArtilUne\">\n<ul>\n<li><strong>Publi\u00e9 dans :<\/strong><\/li>\n<\/ul>\n<\/div>\n<div class=\"MbComIns\" id=\"newcom\" readability=\"5.6940298507463\">\n<h6>DONNEZ VOTRE AVIS<\/h6>\n<p>Il n&rsquo;y a actuellement aucune r\u00e9action \u00e0 cette information. Soyez le premier \u00e0 r\u00e9agir !<\/p>\n<p><a href=\"\" rel=\"#popup\" class=\"login resetbutton\">Identifiez-vous<\/a><a class=\"button\" href=\"https:\/\/elmoudjahid.com\/fr\/inscription\/\"><span>S&rsquo;inscrire<\/span><\/a><\/p>\n<\/div>\n<p>Auteur: elmoudjahid<br \/>\n<a href=\"http:\/\/www.elmoudjahid.com\/fr\/actualites\/160653\">Cliquez ici pour lire l&rsquo;article depuis sa source.<\/a><\/p>\n","protected":false},"excerpt":{"rendered":"<p>Le Bureau de l&rsquo;Assembl\u00e9e populaire nationale (APN) tiendra, le 20 octobre courant, une s\u00e9ance \u00e0 huis clos pour trancher sur les demandes d&rsquo;activation de la proc\u00e9dure de lev\u00e9e de l&rsquo;immunit\u00e9 parlementaire de deux d\u00e9put\u00e9s.\u00abVu le rapport de la Commission des affaires juridiques, administratives et des libert\u00e9s relatif aux demandes de lev\u00e9e de l&rsquo;immunit\u00e9 parlementaire de [&hellip;]<\/p>\n","protected":false},"author":1744,"featured_media":0,"comment_status":"closed","ping_status":"closed","sticky":false,"template":"","format":"standard","meta":{"fifu_image_url":"","fifu_image_alt":"","footnotes":""},"categories":[73,53],"tags":[],"class_list":["post-101725","post","type-post","status-publish","format-standard","hentry","category-actualite","category-algerie"],"_links":{"self":[{"href":"https:\/\/linitiative.ca\/International\/wp-json\/wp\/v2\/posts\/101725","targetHints":{"allow":["GET"]}}],"collection":[{"href":"https:\/\/linitiative.ca\/International\/wp-json\/wp\/v2\/posts"}],"about":[{"href":"https:\/\/linitiative.ca\/International\/wp-json\/wp\/v2\/types\/post"}],"author":[{"embeddable":true,"href":"https:\/\/linitiative.ca\/International\/wp-json\/wp\/v2\/users\/1744"}],"replies":[{"embeddable":true,"href":"https:\/\/linitiative.ca\/International\/wp-json\/wp\/v2\/comments?post=101725"}],"version-history":[{"count":0,"href":"https:\/\/linitiative.ca\/International\/wp-json\/wp\/v2\/posts\/101725\/revisions"}],"wp:attachment":[{"href":"https:\/\/linitiative.ca\/International\/wp-json\/wp\/v2\/media?parent=101725"}],"wp:term":[{"taxonomy":"category","embeddable":true,"href":"https:\/\/linitiative.ca\/International\/wp-json\/wp\/v2\/categories?post=101725"},{"taxonomy":"post_tag","embeddable":true,"href":"https:\/\/linitiative.ca\/International\/wp-json\/wp\/v2\/tags?post=101725"}],"curies":[{"name":"wp","href":"https:\/\/api.w.org\/{rel}","templated":true}]}}