{"id":101726,"date":"2020-10-13T20:00:00","date_gmt":"2020-10-14T00:00:00","guid":{"rendered":"https:\/\/linitiative.ca\/International\/apn-m-chenine-exhorte-les-deputes-a-sensibiliser-les-electeurs\/"},"modified":"2020-10-13T20:00:00","modified_gmt":"2020-10-14T00:00:00","slug":"apn-m-chenine-exhorte-les-deputes-a-sensibiliser-les-electeurs","status":"publish","type":"post","link":"https:\/\/linitiative.ca\/International\/apn-m-chenine-exhorte-les-deputes-a-sensibiliser-les-electeurs\/","title":{"rendered":"APN :  m. Chenine exhorte les d\u00e9put\u00e9s  \u00e0 sensibiliser les \u00e9lecteurs"},"content":{"rendered":"<p>Le pr\u00e9sident de l\u2019Assembl\u00e9e populaire nationale (APN), Slimane Chenine, a appel\u00e9 hier \u00e0 un vote massif en faveur du projet d\u2019amendement de la Constitution, exhortant les d\u00e9put\u00e9s \u00e0 participer \u00e0 la campagne r\u00e9f\u00e9rendaire pour sensibiliser les \u00e9lecteurs sur son importance afin d&rsquo;aller vers l&rsquo;Alg\u00e9rie nouvelle garantissant les droits et libert\u00e9s individuels et collectifs, indique un communiqu\u00e9 de l\u2019APN.<br \/>Le Bureau de l\u2019APN a tenu hier une r\u00e9union pr\u00e9sid\u00e9e par M. Chenine qui a mis en avant, \u00e0 l\u2019entame des travaux, l\u2019importance d\u2019un vote massif en faveur du projet d&rsquo;amendement de la Constitution, exhortant les d\u00e9put\u00e9s \u00e0 participer \u00e0 la campagne r\u00e9f\u00e9rendaire pour \u00absensibiliser les \u00e9lecteurs sur l&rsquo;importance des amendements constitutionnels propos\u00e9s et en expliquer la teneur et la finalit\u00e9, \u00e0 savoir aller vers une nouvelle Alg\u00e9rie garantissant les droits et libert\u00e9s, individuels et collectifs, et l\u2019Etat de droit, des revendications du Hirak b\u00e9ni, et concr\u00e9tisant l&rsquo;\u00e9galit\u00e9, la justice sociale et le d\u00e9veloppement durable inclusif\u00bb.<br \/>Les amendements propos\u00e9s, notamment la s\u00e9paration et l&rsquo;\u00e9quilibre des pouvoirs, \u00abpr\u00e9servent la r\u00e9f\u00e9rence, les constantes et les valeurs nationales\u00bb, a affirm\u00e9 le pr\u00e9sident de l\u2019APN, estimant que le pl\u00e9biscite de l\u2019amendement constitutionnel le 1er novembre prochain permettra d\u2019op\u00e9rer un changement \u00aben profondeur\u00bb en amor\u00e7ant une nouvelle \u00e9tape \u00abrompant avec la corruption et la bureaucratie et consacrant les r\u00e8gles de gouvernance et de contr\u00f4le pour la pr\u00e9servation de l\u2019argent public\u00bb. Apr\u00e8s avoir rappel\u00e9 les sp\u00e9cificit\u00e9s de la prochaine \u00e9tape dans laquelle s\u2019inscrit le projet de loi de finances (PLF) pour l\u2019exercice 2021, et ses orientations en faveur du maintien et du renforcement de l\u2019int\u00e9r\u00eat accord\u00e9 aux aspects sociaux, malgr\u00e9 les restrictions financi\u00e8res et les retomb\u00e9es de la pand\u00e9mie de coronavirus, M. Chenine a \u00e9voqu\u00e9 \u00ables mesures visant la num\u00e9risation de l&rsquo;activit\u00e9 \u00e9conomique, l\u2019encouragement de la recherche, l\u2019octroi d\u2019importantes incitations aux investisseurs et l\u2019absence de nouvelles taxes pour les citoyens afin de pr\u00e9server leur pouvoir d&rsquo;achat\u00bb.<br \/>Lors de sa r\u00e9union, le Bureau de l\u2019APN a renvoy\u00e9 le PLF 2021 \u00e0 la commission des finances et du budget pour examen.<br \/>Par ailleurs, il a renvoy\u00e9 les d\u00e9clarations de non incompatibilit\u00e9 avec le mandat parlementaire de trois nouveaux d\u00e9put\u00e9s \u00e0 la commission des affaires juridiques et administratives et des libert\u00e9s pour avis et examin\u00e9 les demandes d\u2019organisation d\u2019activit\u00e9s parlementaires \u00e9mises par les commissions.<\/p>\n<p>Auteur: elmoudjahid<br \/>\n<a href=\"http:\/\/www.elmoudjahid.com\/fr\/actualites\/160654\">Cliquez ici pour lire l&rsquo;article depuis sa source.<\/a><\/p>\n","protected":false},"excerpt":{"rendered":"<p>Le pr\u00e9sident de l\u2019Assembl\u00e9e populaire nationale (APN), Slimane Chenine, a appel\u00e9 hier \u00e0 un vote massif en faveur du projet d\u2019amendement de la Constitution, exhortant les d\u00e9put\u00e9s \u00e0 participer \u00e0 la campagne r\u00e9f\u00e9rendaire pour sensibiliser les \u00e9lecteurs sur son importance afin d&rsquo;aller vers l&rsquo;Alg\u00e9rie nouvelle garantissant les droits et libert\u00e9s individuels et collectifs, indique un [&hellip;]<\/p>\n","protected":false},"author":1744,"featured_media":0,"comment_status":"closed","ping_status":"closed","sticky":false,"template":"","format":"standard","meta":{"fifu_image_url":"","fifu_image_alt":"","footnotes":""},"categories":[73,53],"tags":[],"class_list":["post-101726","post","type-post","status-publish","format-standard","hentry","category-actualite","category-algerie"],"_links":{"self":[{"href":"https:\/\/linitiative.ca\/International\/wp-json\/wp\/v2\/posts\/101726","targetHints":{"allow":["GET"]}}],"collection":[{"href":"https:\/\/linitiative.ca\/International\/wp-json\/wp\/v2\/posts"}],"about":[{"href":"https:\/\/linitiative.ca\/International\/wp-json\/wp\/v2\/types\/post"}],"author":[{"embeddable":true,"href":"https:\/\/linitiative.ca\/International\/wp-json\/wp\/v2\/users\/1744"}],"replies":[{"embeddable":true,"href":"https:\/\/linitiative.ca\/International\/wp-json\/wp\/v2\/comments?post=101726"}],"version-history":[{"count":0,"href":"https:\/\/linitiative.ca\/International\/wp-json\/wp\/v2\/posts\/101726\/revisions"}],"wp:attachment":[{"href":"https:\/\/linitiative.ca\/International\/wp-json\/wp\/v2\/media?parent=101726"}],"wp:term":[{"taxonomy":"category","embeddable":true,"href":"https:\/\/linitiative.ca\/International\/wp-json\/wp\/v2\/categories?post=101726"},{"taxonomy":"post_tag","embeddable":true,"href":"https:\/\/linitiative.ca\/International\/wp-json\/wp\/v2\/tags?post=101726"}],"curies":[{"name":"wp","href":"https:\/\/api.w.org\/{rel}","templated":true}]}}