{"id":101727,"date":"2020-10-13T20:00:00","date_gmt":"2020-10-14T00:00:00","guid":{"rendered":"https:\/\/linitiative.ca\/International\/prix-du-president-de-la-republique-du-journaliste-professionnel-recours-a-le-mail-en-cas-de-difficulte-a-envoyer-les-oeuvres-dans-les-delais-fixes\/"},"modified":"2020-10-13T20:00:00","modified_gmt":"2020-10-14T00:00:00","slug":"prix-du-president-de-la-republique-du-journaliste-professionnel-recours-a-le-mail-en-cas-de-difficulte-a-envoyer-les-oeuvres-dans-les-delais-fixes","status":"publish","type":"post","link":"https:\/\/linitiative.ca\/International\/prix-du-president-de-la-republique-du-journaliste-professionnel-recours-a-le-mail-en-cas-de-difficulte-a-envoyer-les-oeuvres-dans-les-delais-fixes\/","title":{"rendered":"Prix du pr\u00e9sident de la R\u00e9publique du journaliste professionnel  : Recours \u00e0 l\u2019e-mail en cas de difficult\u00e9 \u00e0 envoyer les \u0152uvres dans les d\u00e9lais fix\u00e9s"},"content":{"rendered":"<p>Le comit\u00e9 de jury du Prix du Pr\u00e9sident de la R\u00e9publique du journaliste professionnel, install\u00e9 hier lundi, a annonc\u00e9 qu&rsquo;en cas de difficult\u00e9 \u00e0 envoyer les oeuvres avant la fin des d\u00e9lais fix\u00e9s, les journalistes pourront envoyer une copie de leurs oeuvres jointes du dossier de candidature via le courrier \u00e9lectronique mis en place \u00e0 cet effet, indique hier un communiqu\u00e9 du minist\u00e8re de la Communication. \u00abLe comit\u00e9 du jury du Prix du Pr\u00e9sident de la R\u00e9publique du journaliste professionnel, install\u00e9 le 12 octobre 2020, sous les auspices du ministre de la Communication, porte-parole du Gouvernement, Ammar Belhimer, annonce qu&rsquo;en cas de difficult\u00e9 \u00e0 envoyer les oeuvres avant la fin des d\u00e9lais fix\u00e9s, les journalistes pourront envoyer leurs oeuvres jointes du dossier de candidature via le courrier \u00e9lectronique :<br \/><span class=\"__cf_email__\" data-cfemail=\"86f6f4effee2f3f6f4e3f5efe2e3e8f2c6ebefe8eff5f2e3f4e3e5e9ebebf3e8efe5e7f2efe9e8a8e1e9f0a8e2fc\">[email\u00a0protected]<\/span>, en attendant le d\u00e9p\u00f4t des dossiers complets au niveau du bureau d&rsquo;ordre g\u00e9n\u00e9ral au si\u00e8ge du minist\u00e8re de la Communication\u00bb, note la source.<br \/>Le ministre de la Communication, porte-parole du gouvernement, Ammar Belhimer, a install\u00e9 lundi \u00e0 Alger les membres jury du Prix du Pr\u00e9sident de la R\u00e9publique du journaliste professionnel, la sixi\u00e8me \u00e9dition, sur le th\u00e8me \u00abLa num\u00e9risation, passerelle vers l\u2019Alg\u00e9rie nouvelle\u00bb.<br \/>Dans une allocution prononc\u00e9e devant les membres du jury pr\u00e9sid\u00e9 par le doyen de la facult\u00e9 des sciences politiques, Slimane Arradj, M. Belhimer a affirm\u00e9 que ce prix a \u00e9t\u00e9 institu\u00e9 en signe de reconnaissance au valeureux parcours des journalistes alg\u00e9riens, durant la guerre de Lib\u00e9ration nationale, et pour appuyer les efforts des professionnels de la presse nationale qui contribuent au renforcement des droits des citoyens de b\u00e9n\u00e9ficier d&rsquo;une information objective et cr\u00e9dible.<br \/>\u00abL&rsquo;autre objectif vis\u00e9 \u00e0 travers l&rsquo;institution de ce prix est d&rsquo;encourager et de promouvoir la production journalistique nationale sous toutes ses formes, et de stimuler l\u2019excellence, la cr\u00e9ation et la professionnalisation au sein de la presse nationale, en instaurant la culture du m\u00e9rite\u00bb, a-t-il ajout\u00e9.<br \/>Il s&rsquo;agit aussi, a-t-il poursuivi, de \u00abr\u00e9compenser les meilleures \u0153uvres individuelles ou collectives ayant trait \u00e0 la th\u00e9matique retenue\u00bb.<\/p>\n<p>Auteur: elmoudjahid<br \/>\n<a href=\"http:\/\/www.elmoudjahid.com\/fr\/actualites\/160655\">Cliquez ici pour lire l&rsquo;article depuis sa source.<\/a><\/p>\n","protected":false},"excerpt":{"rendered":"<p>Le comit\u00e9 de jury du Prix du Pr\u00e9sident de la R\u00e9publique du journaliste professionnel, install\u00e9 hier lundi, a annonc\u00e9 qu&rsquo;en cas de difficult\u00e9 \u00e0 envoyer les oeuvres avant la fin des d\u00e9lais fix\u00e9s, les journalistes pourront envoyer une copie de leurs oeuvres jointes du dossier de candidature via le courrier \u00e9lectronique mis en place \u00e0 [&hellip;]<\/p>\n","protected":false},"author":1744,"featured_media":0,"comment_status":"closed","ping_status":"closed","sticky":false,"template":"","format":"standard","meta":{"fifu_image_url":"","fifu_image_alt":"","footnotes":""},"categories":[73,53],"tags":[],"class_list":["post-101727","post","type-post","status-publish","format-standard","hentry","category-actualite","category-algerie"],"_links":{"self":[{"href":"https:\/\/linitiative.ca\/International\/wp-json\/wp\/v2\/posts\/101727","targetHints":{"allow":["GET"]}}],"collection":[{"href":"https:\/\/linitiative.ca\/International\/wp-json\/wp\/v2\/posts"}],"about":[{"href":"https:\/\/linitiative.ca\/International\/wp-json\/wp\/v2\/types\/post"}],"author":[{"embeddable":true,"href":"https:\/\/linitiative.ca\/International\/wp-json\/wp\/v2\/users\/1744"}],"replies":[{"embeddable":true,"href":"https:\/\/linitiative.ca\/International\/wp-json\/wp\/v2\/comments?post=101727"}],"version-history":[{"count":0,"href":"https:\/\/linitiative.ca\/International\/wp-json\/wp\/v2\/posts\/101727\/revisions"}],"wp:attachment":[{"href":"https:\/\/linitiative.ca\/International\/wp-json\/wp\/v2\/media?parent=101727"}],"wp:term":[{"taxonomy":"category","embeddable":true,"href":"https:\/\/linitiative.ca\/International\/wp-json\/wp\/v2\/categories?post=101727"},{"taxonomy":"post_tag","embeddable":true,"href":"https:\/\/linitiative.ca\/International\/wp-json\/wp\/v2\/tags?post=101727"}],"curies":[{"name":"wp","href":"https:\/\/api.w.org\/{rel}","templated":true}]}}